{"id":40231,"date":"2026-02-10T13:05:04","date_gmt":"2026-02-10T13:05:04","guid":{"rendered":"https:\/\/pallasart.ee\/?p=40231"},"modified":"2026-02-10T13:06:02","modified_gmt":"2026-02-10T13:06:02","slug":"international-textile-students-exhibition-identity-at-gallery-pallas","status":"publish","type":"post","link":"https:\/\/pallasart.ee\/en\/international-textile-students-exhibition-identity-at-gallery-pallas\/","title":{"rendered":"International Textile Students\u2019 Exhibition IDENTITY at Gallery Pallas"},"content":{"rendered":"\n<p class=\"wp-block-paragraph\">International Textile Students\u2019 Exhibition IDENTITY<br>14.02-14.03.2026<br>Opening on Friday, February 13 at 5 PM<\/p>\n\n\n\n<p class=\"wp-block-paragraph\">The aim of the exhibition IDENTITY is to bring together, in one shared space, the works of textile students from art academies in the Baltic countries. Higher art education institutions in neighbouring countries are closely connected through artist\u2013educators, professional networks, and mutual collaboration, and the exhibition offers an opportunity to explore the creative work of students studying at different institutions.<\/p>\n\n\n\n<p class=\"wp-block-paragraph\"> The exhibition was initiated by the desire to further strengthen student exchange and to expand cooperation between higher education institutions. In addition, IDENTITY seeks to initiate discussion on the teaching of textile art and design in the participating schools and encourages reflection on the similarities and differences in the current state of the field across the participating countries.<\/p>\n\n\n\n<p class=\"wp-block-paragraph\">Participating in the exhibition are textile students from art academies in Estonia, Latvia, and Lithuania: Vilnius Academy of Arts; Vilnius Academy of Arts, Kaunas Faculty; Art Academy of Latvia; Estonian Academy of Arts; Pallas University of Applied Sciences.<\/p>\n\n\n\n<p class=\"wp-block-paragraph\">Each institution selected five works or series of works for the exhibition, representing both bachelor\u2019s and master\u2019s degree programmes. The display is complemented by accompanying texts written by the authors, which provide broader context for the works.<\/p>\n\n\n\n<p class=\"wp-block-paragraph\">Participating artists: Deva Bartninkait\u0117, Elinga Garuolyt\u0117, Kamil\u0117 Bagvilait\u0117, Luka \u017diauberyt\u0117, Nargiza Nurdinova, Deimant\u0117 Petkevi\u010di\u016bt\u0117, Ineta Ignatavi\u010di\u016bt\u0117, Ieva Pen\u010dilait\u0117, Un\u0117 Labutyt\u0117, Rokas Jaselis, Baiba Zalcmane, Anna Korobeinikova, Jolanta Karele, Anna Kustikova, Monta Beca, Hedi Leppik, Juulia Aleksandra Mikson, Kassandra Laur, Rose-Marie Riitsalu, Vivian Vuks, Emily Dobrus, Johanna Tuisk, Leena Isabel Pizzolante, Sofia Lanman, Renate Eensalu, Mari Kivitalu.<\/p>\n\n\n\n<p class=\"wp-block-paragraph\">Exhibition team: curator Aet Ollisaar, exhibition designer Madis Liplap, graphic designer Mari Saffre, exhibition assistant Marju Roos.<\/p>\n\n\n\n<p class=\"wp-block-paragraph\">The exhibition is accompanied by a seminar on 13 March at 11:00 at Gallery Pallas.<br><br>Additional information:<br>Aet Ollisaar<br>Professor, Head of Department<br>Department of Textile, Pallas UAS<br>+372 506 7281<br>aet.ollisaar@pallasart.ee<\/p>\n\n\n\n<p class=\"wp-block-paragraph\">Gallery Pallas<br>galerii@pallasart.ee<br>+372 734 9954<br>Tue\u2013Sat 11\u201318<br>Riia 11, Tartu<br>https:\/\/www.facebook.com\/GaleriiPallas<\/p>\n\n\n\n<figure class=\"wp-block-image size-large\"><img loading=\"lazy\" decoding=\"async\" width=\"1024\" height=\"571\" src=\"https:\/\/pallasart.ee\/wp-content\/uploads\/2026\/02\/identity2-1-1024x571.jpg\" alt=\"\" class=\"wp-image-40233\" srcset=\"https:\/\/pallasart.ee\/wp-content\/uploads\/2026\/02\/identity2-1-1024x571.jpg 1024w, https:\/\/pallasart.ee\/wp-content\/uploads\/2026\/02\/identity2-1-300x167.jpg 300w, https:\/\/pallasart.ee\/wp-content\/uploads\/2026\/02\/identity2-1-768x428.jpg 768w, https:\/\/pallasart.ee\/wp-content\/uploads\/2026\/02\/identity2-1-1536x856.jpg 1536w, https:\/\/pallasart.ee\/wp-content\/uploads\/2026\/02\/identity2-1-1076x600.jpg 1076w, https:\/\/pallasart.ee\/wp-content\/uploads\/2026\/02\/identity2-1.jpg 1937w\" sizes=\"auto, (max-width: 1024px) 100vw, 1024px\" \/><\/figure>\n\n\n\n<p class=\"wp-block-paragraph\"><em>Coverphoto: Renate Eensalu. A Sensory Perception of the Feeling of Home through Tapestries. Supervisor Aet Ollisaar. Final Project 2025. Pallas. Photo by Merit Pallas<\/em><\/p>\n","protected":false},"excerpt":{"rendered":"<p>International Textile Students\u2019 Exhibition IDENTITY14.02-14.03.2026Opening on Friday, February 13 at 5 PM The aim of the exhibition IDENTITY is to bring together, in one shared space, the works of textile students from art academies in the Baltic countries. Higher art education institutions in neighbouring countries are closely connected through artist\u2013educators, professional networks, and mutual collaboration, [&hellip;]<\/p>\n","protected":false},"author":11,"featured_media":0,"comment_status":"closed","ping_status":"closed","sticky":false,"template":"templates\/content-news.php","format":"standard","meta":{"_acf_changed":false,"footnotes":""},"class_list":["post-40231","post","type-post","status-publish","hentry"],"acf":[],"yoast_head":"<!-- This site is optimized with the Yoast SEO plugin v28.3 - https:\/\/yoast.com\/product\/yoast-seo-wordpress\/ -->\n<title>International Textile Students\u2019 Exhibition IDENTITY at Gallery Pallas - K\u00f5rgem Kunstikool Pallas<\/title>\n<meta name=\"robots\" content=\"index, follow, max-snippet:-1, max-image-preview:large, max-video-preview:-1\" \/>\n<link rel=\"canonical\" href=\"https:\/\/pallasart.ee\/en\/international-textile-students-exhibition-identity-at-gallery-pallas\/\" \/>\n<meta property=\"og:locale\" content=\"en_US\" \/>\n<meta property=\"og:type\" content=\"article\" \/>\n<meta property=\"og:title\" content=\"International Textile Students\u2019 Exhibition IDENTITY at Gallery Pallas - K\u00f5rgem Kunstikool Pallas\" \/>\n<meta property=\"og:description\" content=\"International Textile Students\u2019 Exhibition IDENTITY14.02-14.03.2026Opening on Friday, February 13 at 5 PM The aim of the exhibition IDENTITY is to bring together, in one shared space, the works of textile students from art academies in the Baltic countries. Higher art education institutions in neighbouring countries are closely connected through artist\u2013educators, professional networks, and mutual collaboration, [&hellip;]\" \/>\n<meta property=\"og:url\" content=\"https:\/\/pallasart.ee\/en\/international-textile-students-exhibition-identity-at-gallery-pallas\/\" \/>\n<meta property=\"og:site_name\" content=\"K\u00f5rgem Kunstikool Pallas\" \/>\n<meta property=\"article:published_time\" content=\"2026-02-10T13:05:04+00:00\" \/>\n<meta property=\"article:modified_time\" content=\"2026-02-10T13:06:02+00:00\" \/>\n<meta property=\"og:image\" content=\"https:\/\/pallasart.ee\/wp-content\/uploads\/2026\/02\/Renate-Eensalu_Kodutunde-meeleline-tolgendus-labi-piltvaipade_2025_Pallas_fotograaf-Merit-Pallas_1-1.jpg\" \/>\n\t<meta property=\"og:image:width\" content=\"3456\" \/>\n\t<meta property=\"og:image:height\" content=\"5184\" \/>\n\t<meta property=\"og:image:type\" content=\"image\/jpeg\" \/>\n<meta name=\"author\" content=\"Piret Kaevats\" \/>\n<meta name=\"twitter:card\" content=\"summary_large_image\" \/>\n<meta name=\"twitter:label1\" content=\"Written by\" \/>\n\t<meta name=\"twitter:data1\" content=\"Piret Kaevats\" \/>\n\t<meta name=\"twitter:label2\" content=\"Est. reading time\" \/>\n\t<meta name=\"twitter:data2\" content=\"3 minutes\" \/>\n<script type=\"application\/ld+json\" class=\"yoast-schema-graph\">{\"@context\":\"https:\\\/\\\/schema.org\",\"@graph\":[{\"@type\":\"Article\",\"@id\":\"https:\\\/\\\/pallasart.ee\\\/en\\\/international-textile-students-exhibition-identity-at-gallery-pallas\\\/#article\",\"isPartOf\":{\"@id\":\"https:\\\/\\\/pallasart.ee\\\/en\\\/international-textile-students-exhibition-identity-at-gallery-pallas\\\/\"},\"author\":{\"name\":\"Piret Kaevats\",\"@id\":\"https:\\\/\\\/pallasart.ee\\\/en\\\/#\\\/schema\\\/person\\\/558a8a98412045731bc68737993053ab\"},\"headline\":\"International Textile Students\u2019 Exhibition IDENTITY at Gallery Pallas\",\"datePublished\":\"2026-02-10T13:05:04+00:00\",\"dateModified\":\"2026-02-10T13:06:02+00:00\",\"mainEntityOfPage\":{\"@id\":\"https:\\\/\\\/pallasart.ee\\\/en\\\/international-textile-students-exhibition-identity-at-gallery-pallas\\\/\"},\"wordCount\":357,\"publisher\":{\"@id\":\"https:\\\/\\\/pallasart.ee\\\/en\\\/#organization\"},\"image\":{\"@id\":\"https:\\\/\\\/pallasart.ee\\\/en\\\/international-textile-students-exhibition-identity-at-gallery-pallas\\\/#primaryimage\"},\"thumbnailUrl\":\"https:\\\/\\\/pallasart.ee\\\/wp-content\\\/uploads\\\/2026\\\/02\\\/identity2-1-1024x571.jpg\",\"inLanguage\":\"en-US\"},{\"@type\":\"WebPage\",\"@id\":\"https:\\\/\\\/pallasart.ee\\\/en\\\/international-textile-students-exhibition-identity-at-gallery-pallas\\\/\",\"url\":\"https:\\\/\\\/pallasart.ee\\\/en\\\/international-textile-students-exhibition-identity-at-gallery-pallas\\\/\",\"name\":\"International Textile Students\u2019 Exhibition IDENTITY at Gallery Pallas - K\u00f5rgem Kunstikool Pallas\",\"isPartOf\":{\"@id\":\"https:\\\/\\\/pallasart.ee\\\/en\\\/#website\"},\"primaryImageOfPage\":{\"@id\":\"https:\\\/\\\/pallasart.ee\\\/en\\\/international-textile-students-exhibition-identity-at-gallery-pallas\\\/#primaryimage\"},\"image\":{\"@id\":\"https:\\\/\\\/pallasart.ee\\\/en\\\/international-textile-students-exhibition-identity-at-gallery-pallas\\\/#primaryimage\"},\"thumbnailUrl\":\"https:\\\/\\\/pallasart.ee\\\/wp-content\\\/uploads\\\/2026\\\/02\\\/identity2-1-1024x571.jpg\",\"datePublished\":\"2026-02-10T13:05:04+00:00\",\"dateModified\":\"2026-02-10T13:06:02+00:00\",\"breadcrumb\":{\"@id\":\"https:\\\/\\\/pallasart.ee\\\/en\\\/international-textile-students-exhibition-identity-at-gallery-pallas\\\/#breadcrumb\"},\"inLanguage\":\"en-US\",\"potentialAction\":[{\"@type\":\"ReadAction\",\"target\":[\"https:\\\/\\\/pallasart.ee\\\/en\\\/international-textile-students-exhibition-identity-at-gallery-pallas\\\/\"]}]},{\"@type\":\"ImageObject\",\"inLanguage\":\"en-US\",\"@id\":\"https:\\\/\\\/pallasart.ee\\\/en\\\/international-textile-students-exhibition-identity-at-gallery-pallas\\\/#primaryimage\",\"url\":\"https:\\\/\\\/pallasart.ee\\\/wp-content\\\/uploads\\\/2026\\\/02\\\/identity2-1-1024x571.jpg\",\"contentUrl\":\"https:\\\/\\\/pallasart.ee\\\/wp-content\\\/uploads\\\/2026\\\/02\\\/identity2-1-1024x571.jpg\"},{\"@type\":\"BreadcrumbList\",\"@id\":\"https:\\\/\\\/pallasart.ee\\\/en\\\/international-textile-students-exhibition-identity-at-gallery-pallas\\\/#breadcrumb\",\"itemListElement\":[{\"@type\":\"ListItem\",\"position\":1,\"name\":\"Home\",\"item\":\"https:\\\/\\\/pallasart.ee\\\/en\\\/\"},{\"@type\":\"ListItem\",\"position\":2,\"name\":\"International Textile Students\u2019 Exhibition IDENTITY at Gallery Pallas\"}]},{\"@type\":\"WebSite\",\"@id\":\"https:\\\/\\\/pallasart.ee\\\/en\\\/#website\",\"url\":\"https:\\\/\\\/pallasart.ee\\\/en\\\/\",\"name\":\"K\u00f5rgem Kunstikool Pallas\",\"description\":\"\",\"publisher\":{\"@id\":\"https:\\\/\\\/pallasart.ee\\\/en\\\/#organization\"},\"potentialAction\":[{\"@type\":\"SearchAction\",\"target\":{\"@type\":\"EntryPoint\",\"urlTemplate\":\"https:\\\/\\\/pallasart.ee\\\/en\\\/?s={search_term_string}\"},\"query-input\":{\"@type\":\"PropertyValueSpecification\",\"valueRequired\":true,\"valueName\":\"search_term_string\"}}],\"inLanguage\":\"en-US\"},{\"@type\":\"Organization\",\"@id\":\"https:\\\/\\\/pallasart.ee\\\/en\\\/#organization\",\"name\":\"K\u00f5rgem Kunstikool Pallas\",\"url\":\"https:\\\/\\\/pallasart.ee\\\/en\\\/\",\"logo\":{\"@type\":\"ImageObject\",\"inLanguage\":\"en-US\",\"@id\":\"https:\\\/\\\/pallasart.ee\\\/en\\\/#\\\/schema\\\/logo\\\/image\\\/\",\"url\":\"https:\\\/\\\/pallasart.ee\\\/wp-content\\\/uploads\\\/2020\\\/02\\\/pallas-logo.jpg\",\"contentUrl\":\"https:\\\/\\\/pallasart.ee\\\/wp-content\\\/uploads\\\/2020\\\/02\\\/pallas-logo.jpg\",\"width\":600,\"height\":246,\"caption\":\"K\u00f5rgem Kunstikool Pallas\"},\"image\":{\"@id\":\"https:\\\/\\\/pallasart.ee\\\/en\\\/#\\\/schema\\\/logo\\\/image\\\/\"}},{\"@type\":\"Person\",\"@id\":\"https:\\\/\\\/pallasart.ee\\\/en\\\/#\\\/schema\\\/person\\\/558a8a98412045731bc68737993053ab\",\"name\":\"Piret Kaevats\",\"image\":{\"@type\":\"ImageObject\",\"inLanguage\":\"en-US\",\"@id\":\"https:\\\/\\\/secure.gravatar.com\\\/avatar\\\/2e238102d4e77df543cf7dbf4b5f6a8a248f5f651820d766c8081118585e3efe?s=96&d=mm&r=g\",\"url\":\"https:\\\/\\\/secure.gravatar.com\\\/avatar\\\/2e238102d4e77df543cf7dbf4b5f6a8a248f5f651820d766c8081118585e3efe?s=96&d=mm&r=g\",\"contentUrl\":\"https:\\\/\\\/secure.gravatar.com\\\/avatar\\\/2e238102d4e77df543cf7dbf4b5f6a8a248f5f651820d766c8081118585e3efe?s=96&d=mm&r=g\",\"caption\":\"Piret Kaevats\"},\"url\":\"https:\\\/\\\/pallasart.ee\\\/en\\\/author\\\/piret-kaevats\\\/\"}]}<\/script>\n<!-- \/ Yoast SEO plugin. -->","yoast_head_json":{"title":"International Textile Students\u2019 Exhibition IDENTITY at Gallery Pallas - K\u00f5rgem Kunstikool Pallas","robots":{"index":"index","follow":"follow","max-snippet":"max-snippet:-1","max-image-preview":"max-image-preview:large","max-video-preview":"max-video-preview:-1"},"canonical":"https:\/\/pallasart.ee\/en\/international-textile-students-exhibition-identity-at-gallery-pallas\/","og_locale":"en_US","og_type":"article","og_title":"International Textile Students\u2019 Exhibition IDENTITY at Gallery Pallas - K\u00f5rgem Kunstikool Pallas","og_description":"International Textile Students\u2019 Exhibition IDENTITY14.02-14.03.2026Opening on Friday, February 13 at 5 PM The aim of the exhibition IDENTITY is to bring together, in one shared space, the works of textile students from art academies in the Baltic countries. Higher art education institutions in neighbouring countries are closely connected through artist\u2013educators, professional networks, and mutual collaboration, [&hellip;]","og_url":"https:\/\/pallasart.ee\/en\/international-textile-students-exhibition-identity-at-gallery-pallas\/","og_site_name":"K\u00f5rgem Kunstikool Pallas","article_published_time":"2026-02-10T13:05:04+00:00","article_modified_time":"2026-02-10T13:06:02+00:00","og_image":[{"width":3456,"height":5184,"url":"https:\/\/pallasart.ee\/wp-content\/uploads\/2026\/02\/Renate-Eensalu_Kodutunde-meeleline-tolgendus-labi-piltvaipade_2025_Pallas_fotograaf-Merit-Pallas_1-1.jpg","type":"image\/jpeg"}],"author":"Piret Kaevats","twitter_card":"summary_large_image","twitter_misc":{"Written by":"Piret Kaevats","Est. reading time":"3 minutes"},"schema":{"@context":"https:\/\/schema.org","@graph":[{"@type":"Article","@id":"https:\/\/pallasart.ee\/en\/international-textile-students-exhibition-identity-at-gallery-pallas\/#article","isPartOf":{"@id":"https:\/\/pallasart.ee\/en\/international-textile-students-exhibition-identity-at-gallery-pallas\/"},"author":{"name":"Piret Kaevats","@id":"https:\/\/pallasart.ee\/en\/#\/schema\/person\/558a8a98412045731bc68737993053ab"},"headline":"International Textile Students\u2019 Exhibition IDENTITY at Gallery Pallas","datePublished":"2026-02-10T13:05:04+00:00","dateModified":"2026-02-10T13:06:02+00:00","mainEntityOfPage":{"@id":"https:\/\/pallasart.ee\/en\/international-textile-students-exhibition-identity-at-gallery-pallas\/"},"wordCount":357,"publisher":{"@id":"https:\/\/pallasart.ee\/en\/#organization"},"image":{"@id":"https:\/\/pallasart.ee\/en\/international-textile-students-exhibition-identity-at-gallery-pallas\/#primaryimage"},"thumbnailUrl":"https:\/\/pallasart.ee\/wp-content\/uploads\/2026\/02\/identity2-1-1024x571.jpg","inLanguage":"en-US"},{"@type":"WebPage","@id":"https:\/\/pallasart.ee\/en\/international-textile-students-exhibition-identity-at-gallery-pallas\/","url":"https:\/\/pallasart.ee\/en\/international-textile-students-exhibition-identity-at-gallery-pallas\/","name":"International Textile Students\u2019 Exhibition IDENTITY at Gallery Pallas - K\u00f5rgem Kunstikool Pallas","isPartOf":{"@id":"https:\/\/pallasart.ee\/en\/#website"},"primaryImageOfPage":{"@id":"https:\/\/pallasart.ee\/en\/international-textile-students-exhibition-identity-at-gallery-pallas\/#primaryimage"},"image":{"@id":"https:\/\/pallasart.ee\/en\/international-textile-students-exhibition-identity-at-gallery-pallas\/#primaryimage"},"thumbnailUrl":"https:\/\/pallasart.ee\/wp-content\/uploads\/2026\/02\/identity2-1-1024x571.jpg","datePublished":"2026-02-10T13:05:04+00:00","dateModified":"2026-02-10T13:06:02+00:00","breadcrumb":{"@id":"https:\/\/pallasart.ee\/en\/international-textile-students-exhibition-identity-at-gallery-pallas\/#breadcrumb"},"inLanguage":"en-US","potentialAction":[{"@type":"ReadAction","target":["https:\/\/pallasart.ee\/en\/international-textile-students-exhibition-identity-at-gallery-pallas\/"]}]},{"@type":"ImageObject","inLanguage":"en-US","@id":"https:\/\/pallasart.ee\/en\/international-textile-students-exhibition-identity-at-gallery-pallas\/#primaryimage","url":"https:\/\/pallasart.ee\/wp-content\/uploads\/2026\/02\/identity2-1-1024x571.jpg","contentUrl":"https:\/\/pallasart.ee\/wp-content\/uploads\/2026\/02\/identity2-1-1024x571.jpg"},{"@type":"BreadcrumbList","@id":"https:\/\/pallasart.ee\/en\/international-textile-students-exhibition-identity-at-gallery-pallas\/#breadcrumb","itemListElement":[{"@type":"ListItem","position":1,"name":"Home","item":"https:\/\/pallasart.ee\/en\/"},{"@type":"ListItem","position":2,"name":"International Textile Students\u2019 Exhibition IDENTITY at Gallery Pallas"}]},{"@type":"WebSite","@id":"https:\/\/pallasart.ee\/en\/#website","url":"https:\/\/pallasart.ee\/en\/","name":"K\u00f5rgem Kunstikool Pallas","description":"","publisher":{"@id":"https:\/\/pallasart.ee\/en\/#organization"},"potentialAction":[{"@type":"SearchAction","target":{"@type":"EntryPoint","urlTemplate":"https:\/\/pallasart.ee\/en\/?s={search_term_string}"},"query-input":{"@type":"PropertyValueSpecification","valueRequired":true,"valueName":"search_term_string"}}],"inLanguage":"en-US"},{"@type":"Organization","@id":"https:\/\/pallasart.ee\/en\/#organization","name":"K\u00f5rgem Kunstikool Pallas","url":"https:\/\/pallasart.ee\/en\/","logo":{"@type":"ImageObject","inLanguage":"en-US","@id":"https:\/\/pallasart.ee\/en\/#\/schema\/logo\/image\/","url":"https:\/\/pallasart.ee\/wp-content\/uploads\/2020\/02\/pallas-logo.jpg","contentUrl":"https:\/\/pallasart.ee\/wp-content\/uploads\/2020\/02\/pallas-logo.jpg","width":600,"height":246,"caption":"K\u00f5rgem Kunstikool Pallas"},"image":{"@id":"https:\/\/pallasart.ee\/en\/#\/schema\/logo\/image\/"}},{"@type":"Person","@id":"https:\/\/pallasart.ee\/en\/#\/schema\/person\/558a8a98412045731bc68737993053ab","name":"Piret Kaevats","image":{"@type":"ImageObject","inLanguage":"en-US","@id":"https:\/\/secure.gravatar.com\/avatar\/2e238102d4e77df543cf7dbf4b5f6a8a248f5f651820d766c8081118585e3efe?s=96&d=mm&r=g","url":"https:\/\/secure.gravatar.com\/avatar\/2e238102d4e77df543cf7dbf4b5f6a8a248f5f651820d766c8081118585e3efe?s=96&d=mm&r=g","contentUrl":"https:\/\/secure.gravatar.com\/avatar\/2e238102d4e77df543cf7dbf4b5f6a8a248f5f651820d766c8081118585e3efe?s=96&d=mm&r=g","caption":"Piret Kaevats"},"url":"https:\/\/pallasart.ee\/en\/author\/piret-kaevats\/"}]}},"_links":{"self":[{"href":"https:\/\/pallasart.ee\/en\/wp-json\/wp\/v2\/posts\/40231","targetHints":{"allow":["GET"]}}],"collection":[{"href":"https:\/\/pallasart.ee\/en\/wp-json\/wp\/v2\/posts"}],"about":[{"href":"https:\/\/pallasart.ee\/en\/wp-json\/wp\/v2\/types\/post"}],"author":[{"embeddable":true,"href":"https:\/\/pallasart.ee\/en\/wp-json\/wp\/v2\/users\/11"}],"replies":[{"embeddable":true,"href":"https:\/\/pallasart.ee\/en\/wp-json\/wp\/v2\/comments?post=40231"}],"version-history":[{"count":1,"href":"https:\/\/pallasart.ee\/en\/wp-json\/wp\/v2\/posts\/40231\/revisions"}],"predecessor-version":[{"id":40234,"href":"https:\/\/pallasart.ee\/en\/wp-json\/wp\/v2\/posts\/40231\/revisions\/40234"}],"wp:attachment":[{"href":"https:\/\/pallasart.ee\/en\/wp-json\/wp\/v2\/media?parent=40231"}],"curies":[{"name":"wp","href":"https:\/\/api.w.org\/{rel}","templated":true}]}}