{"id":38861,"date":"2025-10-23T08:54:11","date_gmt":"2025-10-23T08:54:11","guid":{"rendered":"https:\/\/pallasart.ee\/?p=38861"},"modified":"2025-10-23T08:54:12","modified_gmt":"2025-10-23T08:54:12","slug":"the-artist-collective-multinektar-is-conjuring-their-own-multiverse-at-gallery-pallas","status":"publish","type":"post","link":"https:\/\/pallasart.ee\/en\/the-artist-collective-multinektar-is-conjuring-their-own-multiverse-at-gallery-pallas\/","title":{"rendered":"The artist collective Multinektar is conjuring their own Multiverse at Gallery Pallas!"},"content":{"rendered":"\n<p>Multinektar in the Multiverse<br>24.10\u201322.11.2025<br><br>On Friday, 24th October, 6 PM in the main hall of the Gallery Pallas artist collective Multinektar open their group exhibition. \u201cMultinektar in the Multiverse\u201d invites the guests to explore a communal space filled with the collective energy of 13 artists.<br><br>Multinektar\u2019s autumn exhibition at the Gallery of Pallas University of Applied Sciences invites visitors to explore the inner worlds of its artists. The show delves into how these individual souls encounter one another, generate friction, and evolve through connection. \u201cAs humans, we can only experience the world as ourselves, yet we are shaped by the environment, ideas, and people around us. Multinektar in the Multiverse is an opportunity to look inside the secret universes of our collective and discover our shared connections,\u201d say the artists themselves.<br><br>Artist collective Multinektar was founded in 2024 during a summer painting course by (then) fourth year painting students from Pallas University of Applied Sciences. The collective unites 13 artists who share a desire to find encouragement, support and inspiration from each other\u2019s company, art and ideas. Together they forge a collective super-artist, creation in its purest strongest form, nonstop, tireless, paint splashing in every direction \u2013 MULTINEKTAR.<br><br>Artist tours of the exhibition will be held on 1.11., 8.11. and 15.11. at 4 PM. Multinektar will be celebrating the end of the exhibition on 22nd November at 4 PM with an open group discussion!<br><br>Multinektar: Mari Fr\u00fchling, Miina Vilo, Kadri Kalve, Hedi Kuhi, Ingmar Roomets, Patrick Tall, Laura Marita Lappalainen, Triinu Kohanenkov, Kristin Erm, Jelizaveta Fogel, K\u00e4triin S\u00e4de, Ott-Kaspar Sults and Hanna-Liina Kren\u0161trauch.<br><br>The exhibition is sponsored by Cultural Endowment of Estonia.<br><br>We thank: Margus Punab, Inga Nuume, Merilyn Krihvel, Urmo Teekivi, Hedi Vaikj\u00e4rv, Kadri Asmer with husband, Mia Melanie Saar, Erki Saar, Esta Tatrik<br><\/p>\n\n\n\n<p>More information:<\/p>\n\n\n\n<p>Kadri Kalve<br>kalvendus@gmail.com<br>+372 5129796<\/p>\n\n\n\n<p>Gallery Pallas<br>galerii@pallasart.ee   <br>+372 7349954<br>Tue-Sat 11-18<br>Riia 11, Tartu<br><a href=\"https:\/\/www.facebook.com\/GaleriiPallas\">https:\/\/www.facebook.com\/GaleriiPallas<\/a><\/p>\n\n\n\n<p>Works displayed on the coverphoto were created by Kadri Kalve, Patrick Tall, Hedi Kuhi and Ingmar Roomets.<\/p>\n","protected":false},"excerpt":{"rendered":"<p>Multinektar in the Multiverse24.10\u201322.11.2025 On Friday, 24th October, 6 PM in the main hall of the Gallery Pallas artist collective Multinektar open their group exhibition. \u201cMultinektar in the Multiverse\u201d invites the guests to explore a communal space filled with the collective energy of 13 artists. Multinektar\u2019s autumn exhibition at the Gallery of Pallas University of [&hellip;]<\/p>\n","protected":false},"author":11,"featured_media":0,"comment_status":"closed","ping_status":"closed","sticky":false,"template":"templates\/content-news.php","format":"standard","meta":{"_acf_changed":false,"footnotes":""},"class_list":["post-38861","post","type-post","status-publish","hentry"],"acf":[],"yoast_head":"<!-- This site is optimized with the Yoast SEO plugin v27.4 - https:\/\/yoast.com\/product\/yoast-seo-wordpress\/ -->\n<title>The artist collective Multinektar is conjuring their own Multiverse at Gallery Pallas! - K\u00f5rgem Kunstikool Pallas<\/title>\n<meta name=\"robots\" content=\"index, follow, max-snippet:-1, max-image-preview:large, max-video-preview:-1\" \/>\n<link rel=\"canonical\" href=\"https:\/\/pallasart.ee\/en\/the-artist-collective-multinektar-is-conjuring-their-own-multiverse-at-gallery-pallas\/\" \/>\n<meta property=\"og:locale\" content=\"en_US\" \/>\n<meta property=\"og:type\" content=\"article\" \/>\n<meta property=\"og:title\" content=\"The artist collective Multinektar is conjuring their own Multiverse at Gallery Pallas! - K\u00f5rgem Kunstikool Pallas\" \/>\n<meta property=\"og:description\" content=\"Multinektar in the Multiverse24.10\u201322.11.2025 On Friday, 24th October, 6 PM in the main hall of the Gallery Pallas artist collective Multinektar open their group exhibition. \u201cMultinektar in the Multiverse\u201d invites the guests to explore a communal space filled with the collective energy of 13 artists. Multinektar\u2019s autumn exhibition at the Gallery of Pallas University of [&hellip;]\" \/>\n<meta property=\"og:url\" content=\"https:\/\/pallasart.ee\/en\/the-artist-collective-multinektar-is-conjuring-their-own-multiverse-at-gallery-pallas\/\" \/>\n<meta property=\"og:site_name\" content=\"K\u00f5rgem Kunstikool Pallas\" \/>\n<meta property=\"article:published_time\" content=\"2025-10-23T08:54:11+00:00\" \/>\n<meta property=\"article:modified_time\" content=\"2025-10-23T08:54:12+00:00\" \/>\n<meta property=\"og:image\" content=\"https:\/\/pallasart.ee\/wp-content\/uploads\/2025\/10\/Multinektar-Multiversumis.-Pressifoto.jpg\" \/>\n\t<meta property=\"og:image:width\" content=\"1020\" \/>\n\t<meta property=\"og:image:height\" content=\"800\" \/>\n\t<meta property=\"og:image:type\" content=\"image\/jpeg\" \/>\n<meta name=\"author\" content=\"Piret Kaevats\" \/>\n<meta name=\"twitter:card\" content=\"summary_large_image\" \/>\n<meta name=\"twitter:label1\" content=\"Written by\" \/>\n\t<meta name=\"twitter:data1\" content=\"Piret Kaevats\" \/>\n\t<meta name=\"twitter:label2\" content=\"Est. reading time\" \/>\n\t<meta name=\"twitter:data2\" content=\"3 minutes\" \/>\n<script type=\"application\/ld+json\" class=\"yoast-schema-graph\">{\"@context\":\"https:\\\/\\\/schema.org\",\"@graph\":[{\"@type\":\"Article\",\"@id\":\"https:\\\/\\\/pallasart.ee\\\/en\\\/the-artist-collective-multinektar-is-conjuring-their-own-multiverse-at-gallery-pallas\\\/#article\",\"isPartOf\":{\"@id\":\"https:\\\/\\\/pallasart.ee\\\/en\\\/the-artist-collective-multinektar-is-conjuring-their-own-multiverse-at-gallery-pallas\\\/\"},\"author\":{\"name\":\"Piret Kaevats\",\"@id\":\"https:\\\/\\\/pallasart.ee\\\/en\\\/#\\\/schema\\\/person\\\/558a8a98412045731bc68737993053ab\"},\"headline\":\"The artist collective Multinektar is conjuring their own Multiverse at Gallery Pallas!\",\"datePublished\":\"2025-10-23T08:54:11+00:00\",\"dateModified\":\"2025-10-23T08:54:12+00:00\",\"mainEntityOfPage\":{\"@id\":\"https:\\\/\\\/pallasart.ee\\\/en\\\/the-artist-collective-multinektar-is-conjuring-their-own-multiverse-at-gallery-pallas\\\/\"},\"wordCount\":340,\"publisher\":{\"@id\":\"https:\\\/\\\/pallasart.ee\\\/en\\\/#organization\"},\"inLanguage\":\"en-US\"},{\"@type\":\"WebPage\",\"@id\":\"https:\\\/\\\/pallasart.ee\\\/en\\\/the-artist-collective-multinektar-is-conjuring-their-own-multiverse-at-gallery-pallas\\\/\",\"url\":\"https:\\\/\\\/pallasart.ee\\\/en\\\/the-artist-collective-multinektar-is-conjuring-their-own-multiverse-at-gallery-pallas\\\/\",\"name\":\"The artist collective Multinektar is conjuring their own Multiverse at Gallery Pallas! - K\u00f5rgem Kunstikool Pallas\",\"isPartOf\":{\"@id\":\"https:\\\/\\\/pallasart.ee\\\/en\\\/#website\"},\"datePublished\":\"2025-10-23T08:54:11+00:00\",\"dateModified\":\"2025-10-23T08:54:12+00:00\",\"breadcrumb\":{\"@id\":\"https:\\\/\\\/pallasart.ee\\\/en\\\/the-artist-collective-multinektar-is-conjuring-their-own-multiverse-at-gallery-pallas\\\/#breadcrumb\"},\"inLanguage\":\"en-US\",\"potentialAction\":[{\"@type\":\"ReadAction\",\"target\":[\"https:\\\/\\\/pallasart.ee\\\/en\\\/the-artist-collective-multinektar-is-conjuring-their-own-multiverse-at-gallery-pallas\\\/\"]}]},{\"@type\":\"BreadcrumbList\",\"@id\":\"https:\\\/\\\/pallasart.ee\\\/en\\\/the-artist-collective-multinektar-is-conjuring-their-own-multiverse-at-gallery-pallas\\\/#breadcrumb\",\"itemListElement\":[{\"@type\":\"ListItem\",\"position\":1,\"name\":\"Home\",\"item\":\"https:\\\/\\\/pallasart.ee\\\/en\\\/\"},{\"@type\":\"ListItem\",\"position\":2,\"name\":\"The artist collective Multinektar is conjuring their own Multiverse at Gallery Pallas!\"}]},{\"@type\":\"WebSite\",\"@id\":\"https:\\\/\\\/pallasart.ee\\\/en\\\/#website\",\"url\":\"https:\\\/\\\/pallasart.ee\\\/en\\\/\",\"name\":\"K\u00f5rgem Kunstikool Pallas\",\"description\":\"\",\"publisher\":{\"@id\":\"https:\\\/\\\/pallasart.ee\\\/en\\\/#organization\"},\"potentialAction\":[{\"@type\":\"SearchAction\",\"target\":{\"@type\":\"EntryPoint\",\"urlTemplate\":\"https:\\\/\\\/pallasart.ee\\\/en\\\/?s={search_term_string}\"},\"query-input\":{\"@type\":\"PropertyValueSpecification\",\"valueRequired\":true,\"valueName\":\"search_term_string\"}}],\"inLanguage\":\"en-US\"},{\"@type\":\"Organization\",\"@id\":\"https:\\\/\\\/pallasart.ee\\\/en\\\/#organization\",\"name\":\"K\u00f5rgem Kunstikool Pallas\",\"url\":\"https:\\\/\\\/pallasart.ee\\\/en\\\/\",\"logo\":{\"@type\":\"ImageObject\",\"inLanguage\":\"en-US\",\"@id\":\"https:\\\/\\\/pallasart.ee\\\/en\\\/#\\\/schema\\\/logo\\\/image\\\/\",\"url\":\"https:\\\/\\\/pallasart.ee\\\/wp-content\\\/uploads\\\/2020\\\/02\\\/pallas-logo.jpg\",\"contentUrl\":\"https:\\\/\\\/pallasart.ee\\\/wp-content\\\/uploads\\\/2020\\\/02\\\/pallas-logo.jpg\",\"width\":600,\"height\":246,\"caption\":\"K\u00f5rgem Kunstikool Pallas\"},\"image\":{\"@id\":\"https:\\\/\\\/pallasart.ee\\\/en\\\/#\\\/schema\\\/logo\\\/image\\\/\"}},{\"@type\":\"Person\",\"@id\":\"https:\\\/\\\/pallasart.ee\\\/en\\\/#\\\/schema\\\/person\\\/558a8a98412045731bc68737993053ab\",\"name\":\"Piret Kaevats\",\"image\":{\"@type\":\"ImageObject\",\"inLanguage\":\"en-US\",\"@id\":\"https:\\\/\\\/secure.gravatar.com\\\/avatar\\\/2e238102d4e77df543cf7dbf4b5f6a8a248f5f651820d766c8081118585e3efe?s=96&d=mm&r=g\",\"url\":\"https:\\\/\\\/secure.gravatar.com\\\/avatar\\\/2e238102d4e77df543cf7dbf4b5f6a8a248f5f651820d766c8081118585e3efe?s=96&d=mm&r=g\",\"contentUrl\":\"https:\\\/\\\/secure.gravatar.com\\\/avatar\\\/2e238102d4e77df543cf7dbf4b5f6a8a248f5f651820d766c8081118585e3efe?s=96&d=mm&r=g\",\"caption\":\"Piret Kaevats\"},\"url\":\"https:\\\/\\\/pallasart.ee\\\/en\\\/author\\\/piret-kaevats\\\/\"}]}<\/script>\n<!-- \/ Yoast SEO plugin. -->","yoast_head_json":{"title":"The artist collective Multinektar is conjuring their own Multiverse at Gallery Pallas! - K\u00f5rgem Kunstikool Pallas","robots":{"index":"index","follow":"follow","max-snippet":"max-snippet:-1","max-image-preview":"max-image-preview:large","max-video-preview":"max-video-preview:-1"},"canonical":"https:\/\/pallasart.ee\/en\/the-artist-collective-multinektar-is-conjuring-their-own-multiverse-at-gallery-pallas\/","og_locale":"en_US","og_type":"article","og_title":"The artist collective Multinektar is conjuring their own Multiverse at Gallery Pallas! - K\u00f5rgem Kunstikool Pallas","og_description":"Multinektar in the Multiverse24.10\u201322.11.2025 On Friday, 24th October, 6 PM in the main hall of the Gallery Pallas artist collective Multinektar open their group exhibition. \u201cMultinektar in the Multiverse\u201d invites the guests to explore a communal space filled with the collective energy of 13 artists. Multinektar\u2019s autumn exhibition at the Gallery of Pallas University of [&hellip;]","og_url":"https:\/\/pallasart.ee\/en\/the-artist-collective-multinektar-is-conjuring-their-own-multiverse-at-gallery-pallas\/","og_site_name":"K\u00f5rgem Kunstikool Pallas","article_published_time":"2025-10-23T08:54:11+00:00","article_modified_time":"2025-10-23T08:54:12+00:00","og_image":[{"width":1020,"height":800,"url":"https:\/\/pallasart.ee\/wp-content\/uploads\/2025\/10\/Multinektar-Multiversumis.-Pressifoto.jpg","type":"image\/jpeg"}],"author":"Piret Kaevats","twitter_card":"summary_large_image","twitter_misc":{"Written by":"Piret Kaevats","Est. reading time":"3 minutes"},"schema":{"@context":"https:\/\/schema.org","@graph":[{"@type":"Article","@id":"https:\/\/pallasart.ee\/en\/the-artist-collective-multinektar-is-conjuring-their-own-multiverse-at-gallery-pallas\/#article","isPartOf":{"@id":"https:\/\/pallasart.ee\/en\/the-artist-collective-multinektar-is-conjuring-their-own-multiverse-at-gallery-pallas\/"},"author":{"name":"Piret Kaevats","@id":"https:\/\/pallasart.ee\/en\/#\/schema\/person\/558a8a98412045731bc68737993053ab"},"headline":"The artist collective Multinektar is conjuring their own Multiverse at Gallery Pallas!","datePublished":"2025-10-23T08:54:11+00:00","dateModified":"2025-10-23T08:54:12+00:00","mainEntityOfPage":{"@id":"https:\/\/pallasart.ee\/en\/the-artist-collective-multinektar-is-conjuring-their-own-multiverse-at-gallery-pallas\/"},"wordCount":340,"publisher":{"@id":"https:\/\/pallasart.ee\/en\/#organization"},"inLanguage":"en-US"},{"@type":"WebPage","@id":"https:\/\/pallasart.ee\/en\/the-artist-collective-multinektar-is-conjuring-their-own-multiverse-at-gallery-pallas\/","url":"https:\/\/pallasart.ee\/en\/the-artist-collective-multinektar-is-conjuring-their-own-multiverse-at-gallery-pallas\/","name":"The artist collective Multinektar is conjuring their own Multiverse at Gallery Pallas! - K\u00f5rgem Kunstikool Pallas","isPartOf":{"@id":"https:\/\/pallasart.ee\/en\/#website"},"datePublished":"2025-10-23T08:54:11+00:00","dateModified":"2025-10-23T08:54:12+00:00","breadcrumb":{"@id":"https:\/\/pallasart.ee\/en\/the-artist-collective-multinektar-is-conjuring-their-own-multiverse-at-gallery-pallas\/#breadcrumb"},"inLanguage":"en-US","potentialAction":[{"@type":"ReadAction","target":["https:\/\/pallasart.ee\/en\/the-artist-collective-multinektar-is-conjuring-their-own-multiverse-at-gallery-pallas\/"]}]},{"@type":"BreadcrumbList","@id":"https:\/\/pallasart.ee\/en\/the-artist-collective-multinektar-is-conjuring-their-own-multiverse-at-gallery-pallas\/#breadcrumb","itemListElement":[{"@type":"ListItem","position":1,"name":"Home","item":"https:\/\/pallasart.ee\/en\/"},{"@type":"ListItem","position":2,"name":"The artist collective Multinektar is conjuring their own Multiverse at Gallery Pallas!"}]},{"@type":"WebSite","@id":"https:\/\/pallasart.ee\/en\/#website","url":"https:\/\/pallasart.ee\/en\/","name":"K\u00f5rgem Kunstikool Pallas","description":"","publisher":{"@id":"https:\/\/pallasart.ee\/en\/#organization"},"potentialAction":[{"@type":"SearchAction","target":{"@type":"EntryPoint","urlTemplate":"https:\/\/pallasart.ee\/en\/?s={search_term_string}"},"query-input":{"@type":"PropertyValueSpecification","valueRequired":true,"valueName":"search_term_string"}}],"inLanguage":"en-US"},{"@type":"Organization","@id":"https:\/\/pallasart.ee\/en\/#organization","name":"K\u00f5rgem Kunstikool Pallas","url":"https:\/\/pallasart.ee\/en\/","logo":{"@type":"ImageObject","inLanguage":"en-US","@id":"https:\/\/pallasart.ee\/en\/#\/schema\/logo\/image\/","url":"https:\/\/pallasart.ee\/wp-content\/uploads\/2020\/02\/pallas-logo.jpg","contentUrl":"https:\/\/pallasart.ee\/wp-content\/uploads\/2020\/02\/pallas-logo.jpg","width":600,"height":246,"caption":"K\u00f5rgem Kunstikool Pallas"},"image":{"@id":"https:\/\/pallasart.ee\/en\/#\/schema\/logo\/image\/"}},{"@type":"Person","@id":"https:\/\/pallasart.ee\/en\/#\/schema\/person\/558a8a98412045731bc68737993053ab","name":"Piret Kaevats","image":{"@type":"ImageObject","inLanguage":"en-US","@id":"https:\/\/secure.gravatar.com\/avatar\/2e238102d4e77df543cf7dbf4b5f6a8a248f5f651820d766c8081118585e3efe?s=96&d=mm&r=g","url":"https:\/\/secure.gravatar.com\/avatar\/2e238102d4e77df543cf7dbf4b5f6a8a248f5f651820d766c8081118585e3efe?s=96&d=mm&r=g","contentUrl":"https:\/\/secure.gravatar.com\/avatar\/2e238102d4e77df543cf7dbf4b5f6a8a248f5f651820d766c8081118585e3efe?s=96&d=mm&r=g","caption":"Piret Kaevats"},"url":"https:\/\/pallasart.ee\/en\/author\/piret-kaevats\/"}]}},"_links":{"self":[{"href":"https:\/\/pallasart.ee\/en\/wp-json\/wp\/v2\/posts\/38861","targetHints":{"allow":["GET"]}}],"collection":[{"href":"https:\/\/pallasart.ee\/en\/wp-json\/wp\/v2\/posts"}],"about":[{"href":"https:\/\/pallasart.ee\/en\/wp-json\/wp\/v2\/types\/post"}],"author":[{"embeddable":true,"href":"https:\/\/pallasart.ee\/en\/wp-json\/wp\/v2\/users\/11"}],"replies":[{"embeddable":true,"href":"https:\/\/pallasart.ee\/en\/wp-json\/wp\/v2\/comments?post=38861"}],"version-history":[{"count":2,"href":"https:\/\/pallasart.ee\/en\/wp-json\/wp\/v2\/posts\/38861\/revisions"}],"predecessor-version":[{"id":39185,"href":"https:\/\/pallasart.ee\/en\/wp-json\/wp\/v2\/posts\/38861\/revisions\/39185"}],"wp:attachment":[{"href":"https:\/\/pallasart.ee\/en\/wp-json\/wp\/v2\/media?parent=38861"}],"curies":[{"name":"wp","href":"https:\/\/api.w.org\/{rel}","templated":true}]}}