{"id":35016,"date":"2025-02-10T18:18:05","date_gmt":"2025-02-10T18:18:05","guid":{"rendered":"https:\/\/pallasart.ee\/?p=35016"},"modified":"2025-02-10T18:18:05","modified_gmt":"2025-02-10T18:18:05","slug":"our-houses-a-joint-exhibition-by-students-and-lecturers-of-the-pallas-photography-department","status":"publish","type":"post","link":"https:\/\/pallasart.ee\/en\/our-houses-a-joint-exhibition-by-students-and-lecturers-of-the-pallas-photography-department\/","title":{"rendered":"Our Houses. A joint exhibition by students and lecturers of the Pallas Photography Department."},"content":{"rendered":"\n<p>February 14 \u2013 March 15, 2025<br><br>On Friday, February 14, at 5:30 PM, Gallery Pallas will open the exhibition &#8220;Our Houses&#8221;, dedicated to architectural photography. The exhibition features 24 students and lecturers from the Pallas University of Applied Sciences photography department, exploring architecture as a form of self-expression.<br><br>&#8220;This exhibition is about shared experiences \u2013 building friendships, expanding one\u2019s worldview, and growing together. Architecture is an integral part of human-made culture, as natural and essential as collaboration, exchanging ideas, and expressing emotions,&#8221; says curator Katariina Torm.<br><br>The participating photographers use architecture as a means of introspection, creating a dialogue with architects\u2014individuals who express their creativity through shaping the surrounding environment and space. At the intersection of these two disciplines, a synergy emerges, helping to unravel both the intuitive choices behind architectural subjects and their deeper meanings.<br><br>The exhibition will conclude with an architecture-themed discussion evening on March 15, featuring Kadri Lind (urbanist, organizer of the UIT urban festival and Stencibility street art festival) and Paco Ulman (architect and photographic artist).<br><br>Participating artists at the exhibition: Andrus Kannel, Annabel Ritson, Egle \u017dukov, Elis Liik, Enlil Sonn, Karmen Nugiseks, Katariina Torm, Katriin R\u00e4tsepp, Kenter Kalbri, Kerttu Heljula, Kertu Kasemets, Kristiin Kull, Maria Gr\u00fcnberg, Martin M\u00e4nna, Merilin Trummal, Merit Pallas, Mirabell Veli, Mona Bronzov, Olev Mihkelmaa, Rain Avarmaa, Raven Alaska, Signe Oidekivi, Teele Saag, Xenia Kvitko<br><br>The exhibition is supported by the Cultural Endowment of Estonia and Pallas University of Applied Sciences.<br><br>More infoormation:<br>Katariina Torm<br>katariina.torm@pallasart.ee<br>+372 56616625<\/p>\n\n\n\n<p>Gallery Pallas<br>galerii@pallasart.ee<br>+3727349954<br>Tue-Sat 11-18, Riia 11, Tartu<br><a href=\"http:\/\/www.facebook.com\/GaleriiPallas\">www.facebook.com\/GaleriiPallas<\/a><\/p>\n\n\n\n<p><em>Coverphoto: Ling ja keel. Katariina Torm. 2025<\/em><\/p>\n","protected":false},"excerpt":{"rendered":"<p>February 14 \u2013 March 15, 2025 On Friday, February 14, at 5:30 PM, Gallery Pallas will open the exhibition &#8220;Our Houses&#8221;, dedicated to architectural photography. The exhibition features 24 students and lecturers from the Pallas University of Applied Sciences photography department, exploring architecture as a form of self-expression. &#8220;This exhibition is about shared experiences \u2013 [&hellip;]<\/p>\n","protected":false},"author":11,"featured_media":0,"comment_status":"closed","ping_status":"closed","sticky":false,"template":"templates\/content-news.php","format":"standard","meta":{"_acf_changed":false,"footnotes":""},"class_list":["post-35016","post","type-post","status-publish","hentry"],"acf":[],"yoast_head":"<!-- This site is optimized with the Yoast SEO plugin v27.4 - https:\/\/yoast.com\/product\/yoast-seo-wordpress\/ -->\n<title>Our Houses. A joint exhibition by students and lecturers of the Pallas Photography Department. - K\u00f5rgem Kunstikool Pallas<\/title>\n<meta name=\"robots\" content=\"index, follow, max-snippet:-1, max-image-preview:large, max-video-preview:-1\" \/>\n<link rel=\"canonical\" href=\"https:\/\/pallasart.ee\/en\/our-houses-a-joint-exhibition-by-students-and-lecturers-of-the-pallas-photography-department\/\" \/>\n<meta property=\"og:locale\" content=\"en_US\" \/>\n<meta property=\"og:type\" content=\"article\" \/>\n<meta property=\"og:title\" content=\"Our Houses. A joint exhibition by students and lecturers of the Pallas Photography Department. - K\u00f5rgem Kunstikool Pallas\" \/>\n<meta property=\"og:description\" content=\"February 14 \u2013 March 15, 2025 On Friday, February 14, at 5:30 PM, Gallery Pallas will open the exhibition &#8220;Our Houses&#8221;, dedicated to architectural photography. The exhibition features 24 students and lecturers from the Pallas University of Applied Sciences photography department, exploring architecture as a form of self-expression. &#8220;This exhibition is about shared experiences \u2013 [&hellip;]\" \/>\n<meta property=\"og:url\" content=\"https:\/\/pallasart.ee\/en\/our-houses-a-joint-exhibition-by-students-and-lecturers-of-the-pallas-photography-department\/\" \/>\n<meta property=\"og:site_name\" content=\"K\u00f5rgem Kunstikool Pallas\" \/>\n<meta property=\"article:published_time\" content=\"2025-02-10T18:18:05+00:00\" \/>\n<meta name=\"author\" content=\"Piret Kaevats\" \/>\n<meta name=\"twitter:card\" content=\"summary_large_image\" \/>\n<meta name=\"twitter:label1\" content=\"Written by\" \/>\n\t<meta name=\"twitter:data1\" content=\"Piret Kaevats\" \/>\n\t<meta name=\"twitter:label2\" content=\"Est. reading time\" \/>\n\t<meta name=\"twitter:data2\" content=\"2 minutes\" \/>\n<script type=\"application\/ld+json\" class=\"yoast-schema-graph\">{\"@context\":\"https:\\\/\\\/schema.org\",\"@graph\":[{\"@type\":\"Article\",\"@id\":\"https:\\\/\\\/pallasart.ee\\\/en\\\/our-houses-a-joint-exhibition-by-students-and-lecturers-of-the-pallas-photography-department\\\/#article\",\"isPartOf\":{\"@id\":\"https:\\\/\\\/pallasart.ee\\\/en\\\/our-houses-a-joint-exhibition-by-students-and-lecturers-of-the-pallas-photography-department\\\/\"},\"author\":{\"name\":\"Piret Kaevats\",\"@id\":\"https:\\\/\\\/pallasart.ee\\\/en\\\/#\\\/schema\\\/person\\\/558a8a98412045731bc68737993053ab\"},\"headline\":\"Our Houses. A joint exhibition by students and lecturers of the Pallas Photography Department.\",\"datePublished\":\"2025-02-10T18:18:05+00:00\",\"mainEntityOfPage\":{\"@id\":\"https:\\\/\\\/pallasart.ee\\\/en\\\/our-houses-a-joint-exhibition-by-students-and-lecturers-of-the-pallas-photography-department\\\/\"},\"wordCount\":274,\"publisher\":{\"@id\":\"https:\\\/\\\/pallasart.ee\\\/en\\\/#organization\"},\"inLanguage\":\"en-US\"},{\"@type\":\"WebPage\",\"@id\":\"https:\\\/\\\/pallasart.ee\\\/en\\\/our-houses-a-joint-exhibition-by-students-and-lecturers-of-the-pallas-photography-department\\\/\",\"url\":\"https:\\\/\\\/pallasart.ee\\\/en\\\/our-houses-a-joint-exhibition-by-students-and-lecturers-of-the-pallas-photography-department\\\/\",\"name\":\"Our Houses. A joint exhibition by students and lecturers of the Pallas Photography Department. - K\u00f5rgem Kunstikool Pallas\",\"isPartOf\":{\"@id\":\"https:\\\/\\\/pallasart.ee\\\/en\\\/#website\"},\"datePublished\":\"2025-02-10T18:18:05+00:00\",\"breadcrumb\":{\"@id\":\"https:\\\/\\\/pallasart.ee\\\/en\\\/our-houses-a-joint-exhibition-by-students-and-lecturers-of-the-pallas-photography-department\\\/#breadcrumb\"},\"inLanguage\":\"en-US\",\"potentialAction\":[{\"@type\":\"ReadAction\",\"target\":[\"https:\\\/\\\/pallasart.ee\\\/en\\\/our-houses-a-joint-exhibition-by-students-and-lecturers-of-the-pallas-photography-department\\\/\"]}]},{\"@type\":\"BreadcrumbList\",\"@id\":\"https:\\\/\\\/pallasart.ee\\\/en\\\/our-houses-a-joint-exhibition-by-students-and-lecturers-of-the-pallas-photography-department\\\/#breadcrumb\",\"itemListElement\":[{\"@type\":\"ListItem\",\"position\":1,\"name\":\"Home\",\"item\":\"https:\\\/\\\/pallasart.ee\\\/en\\\/\"},{\"@type\":\"ListItem\",\"position\":2,\"name\":\"Our Houses. A joint exhibition by students and lecturers of the Pallas Photography Department.\"}]},{\"@type\":\"WebSite\",\"@id\":\"https:\\\/\\\/pallasart.ee\\\/en\\\/#website\",\"url\":\"https:\\\/\\\/pallasart.ee\\\/en\\\/\",\"name\":\"K\u00f5rgem Kunstikool Pallas\",\"description\":\"\",\"publisher\":{\"@id\":\"https:\\\/\\\/pallasart.ee\\\/en\\\/#organization\"},\"potentialAction\":[{\"@type\":\"SearchAction\",\"target\":{\"@type\":\"EntryPoint\",\"urlTemplate\":\"https:\\\/\\\/pallasart.ee\\\/en\\\/?s={search_term_string}\"},\"query-input\":{\"@type\":\"PropertyValueSpecification\",\"valueRequired\":true,\"valueName\":\"search_term_string\"}}],\"inLanguage\":\"en-US\"},{\"@type\":\"Organization\",\"@id\":\"https:\\\/\\\/pallasart.ee\\\/en\\\/#organization\",\"name\":\"K\u00f5rgem Kunstikool Pallas\",\"url\":\"https:\\\/\\\/pallasart.ee\\\/en\\\/\",\"logo\":{\"@type\":\"ImageObject\",\"inLanguage\":\"en-US\",\"@id\":\"https:\\\/\\\/pallasart.ee\\\/en\\\/#\\\/schema\\\/logo\\\/image\\\/\",\"url\":\"https:\\\/\\\/pallasart.ee\\\/wp-content\\\/uploads\\\/2020\\\/02\\\/pallas-logo.jpg\",\"contentUrl\":\"https:\\\/\\\/pallasart.ee\\\/wp-content\\\/uploads\\\/2020\\\/02\\\/pallas-logo.jpg\",\"width\":600,\"height\":246,\"caption\":\"K\u00f5rgem Kunstikool Pallas\"},\"image\":{\"@id\":\"https:\\\/\\\/pallasart.ee\\\/en\\\/#\\\/schema\\\/logo\\\/image\\\/\"}},{\"@type\":\"Person\",\"@id\":\"https:\\\/\\\/pallasart.ee\\\/en\\\/#\\\/schema\\\/person\\\/558a8a98412045731bc68737993053ab\",\"name\":\"Piret Kaevats\",\"image\":{\"@type\":\"ImageObject\",\"inLanguage\":\"en-US\",\"@id\":\"https:\\\/\\\/secure.gravatar.com\\\/avatar\\\/2e238102d4e77df543cf7dbf4b5f6a8a248f5f651820d766c8081118585e3efe?s=96&d=mm&r=g\",\"url\":\"https:\\\/\\\/secure.gravatar.com\\\/avatar\\\/2e238102d4e77df543cf7dbf4b5f6a8a248f5f651820d766c8081118585e3efe?s=96&d=mm&r=g\",\"contentUrl\":\"https:\\\/\\\/secure.gravatar.com\\\/avatar\\\/2e238102d4e77df543cf7dbf4b5f6a8a248f5f651820d766c8081118585e3efe?s=96&d=mm&r=g\",\"caption\":\"Piret Kaevats\"},\"url\":\"https:\\\/\\\/pallasart.ee\\\/en\\\/author\\\/piret-kaevats\\\/\"}]}<\/script>\n<!-- \/ Yoast SEO plugin. -->","yoast_head_json":{"title":"Our Houses. A joint exhibition by students and lecturers of the Pallas Photography Department. - K\u00f5rgem Kunstikool Pallas","robots":{"index":"index","follow":"follow","max-snippet":"max-snippet:-1","max-image-preview":"max-image-preview:large","max-video-preview":"max-video-preview:-1"},"canonical":"https:\/\/pallasart.ee\/en\/our-houses-a-joint-exhibition-by-students-and-lecturers-of-the-pallas-photography-department\/","og_locale":"en_US","og_type":"article","og_title":"Our Houses. A joint exhibition by students and lecturers of the Pallas Photography Department. - K\u00f5rgem Kunstikool Pallas","og_description":"February 14 \u2013 March 15, 2025 On Friday, February 14, at 5:30 PM, Gallery Pallas will open the exhibition &#8220;Our Houses&#8221;, dedicated to architectural photography. The exhibition features 24 students and lecturers from the Pallas University of Applied Sciences photography department, exploring architecture as a form of self-expression. &#8220;This exhibition is about shared experiences \u2013 [&hellip;]","og_url":"https:\/\/pallasart.ee\/en\/our-houses-a-joint-exhibition-by-students-and-lecturers-of-the-pallas-photography-department\/","og_site_name":"K\u00f5rgem Kunstikool Pallas","article_published_time":"2025-02-10T18:18:05+00:00","author":"Piret Kaevats","twitter_card":"summary_large_image","twitter_misc":{"Written by":"Piret Kaevats","Est. reading time":"2 minutes"},"schema":{"@context":"https:\/\/schema.org","@graph":[{"@type":"Article","@id":"https:\/\/pallasart.ee\/en\/our-houses-a-joint-exhibition-by-students-and-lecturers-of-the-pallas-photography-department\/#article","isPartOf":{"@id":"https:\/\/pallasart.ee\/en\/our-houses-a-joint-exhibition-by-students-and-lecturers-of-the-pallas-photography-department\/"},"author":{"name":"Piret Kaevats","@id":"https:\/\/pallasart.ee\/en\/#\/schema\/person\/558a8a98412045731bc68737993053ab"},"headline":"Our Houses. A joint exhibition by students and lecturers of the Pallas Photography Department.","datePublished":"2025-02-10T18:18:05+00:00","mainEntityOfPage":{"@id":"https:\/\/pallasart.ee\/en\/our-houses-a-joint-exhibition-by-students-and-lecturers-of-the-pallas-photography-department\/"},"wordCount":274,"publisher":{"@id":"https:\/\/pallasart.ee\/en\/#organization"},"inLanguage":"en-US"},{"@type":"WebPage","@id":"https:\/\/pallasart.ee\/en\/our-houses-a-joint-exhibition-by-students-and-lecturers-of-the-pallas-photography-department\/","url":"https:\/\/pallasart.ee\/en\/our-houses-a-joint-exhibition-by-students-and-lecturers-of-the-pallas-photography-department\/","name":"Our Houses. A joint exhibition by students and lecturers of the Pallas Photography Department. - K\u00f5rgem Kunstikool Pallas","isPartOf":{"@id":"https:\/\/pallasart.ee\/en\/#website"},"datePublished":"2025-02-10T18:18:05+00:00","breadcrumb":{"@id":"https:\/\/pallasart.ee\/en\/our-houses-a-joint-exhibition-by-students-and-lecturers-of-the-pallas-photography-department\/#breadcrumb"},"inLanguage":"en-US","potentialAction":[{"@type":"ReadAction","target":["https:\/\/pallasart.ee\/en\/our-houses-a-joint-exhibition-by-students-and-lecturers-of-the-pallas-photography-department\/"]}]},{"@type":"BreadcrumbList","@id":"https:\/\/pallasart.ee\/en\/our-houses-a-joint-exhibition-by-students-and-lecturers-of-the-pallas-photography-department\/#breadcrumb","itemListElement":[{"@type":"ListItem","position":1,"name":"Home","item":"https:\/\/pallasart.ee\/en\/"},{"@type":"ListItem","position":2,"name":"Our Houses. A joint exhibition by students and lecturers of the Pallas Photography Department."}]},{"@type":"WebSite","@id":"https:\/\/pallasart.ee\/en\/#website","url":"https:\/\/pallasart.ee\/en\/","name":"K\u00f5rgem Kunstikool Pallas","description":"","publisher":{"@id":"https:\/\/pallasart.ee\/en\/#organization"},"potentialAction":[{"@type":"SearchAction","target":{"@type":"EntryPoint","urlTemplate":"https:\/\/pallasart.ee\/en\/?s={search_term_string}"},"query-input":{"@type":"PropertyValueSpecification","valueRequired":true,"valueName":"search_term_string"}}],"inLanguage":"en-US"},{"@type":"Organization","@id":"https:\/\/pallasart.ee\/en\/#organization","name":"K\u00f5rgem Kunstikool Pallas","url":"https:\/\/pallasart.ee\/en\/","logo":{"@type":"ImageObject","inLanguage":"en-US","@id":"https:\/\/pallasart.ee\/en\/#\/schema\/logo\/image\/","url":"https:\/\/pallasart.ee\/wp-content\/uploads\/2020\/02\/pallas-logo.jpg","contentUrl":"https:\/\/pallasart.ee\/wp-content\/uploads\/2020\/02\/pallas-logo.jpg","width":600,"height":246,"caption":"K\u00f5rgem Kunstikool Pallas"},"image":{"@id":"https:\/\/pallasart.ee\/en\/#\/schema\/logo\/image\/"}},{"@type":"Person","@id":"https:\/\/pallasart.ee\/en\/#\/schema\/person\/558a8a98412045731bc68737993053ab","name":"Piret Kaevats","image":{"@type":"ImageObject","inLanguage":"en-US","@id":"https:\/\/secure.gravatar.com\/avatar\/2e238102d4e77df543cf7dbf4b5f6a8a248f5f651820d766c8081118585e3efe?s=96&d=mm&r=g","url":"https:\/\/secure.gravatar.com\/avatar\/2e238102d4e77df543cf7dbf4b5f6a8a248f5f651820d766c8081118585e3efe?s=96&d=mm&r=g","contentUrl":"https:\/\/secure.gravatar.com\/avatar\/2e238102d4e77df543cf7dbf4b5f6a8a248f5f651820d766c8081118585e3efe?s=96&d=mm&r=g","caption":"Piret Kaevats"},"url":"https:\/\/pallasart.ee\/en\/author\/piret-kaevats\/"}]}},"_links":{"self":[{"href":"https:\/\/pallasart.ee\/en\/wp-json\/wp\/v2\/posts\/35016","targetHints":{"allow":["GET"]}}],"collection":[{"href":"https:\/\/pallasart.ee\/en\/wp-json\/wp\/v2\/posts"}],"about":[{"href":"https:\/\/pallasart.ee\/en\/wp-json\/wp\/v2\/types\/post"}],"author":[{"embeddable":true,"href":"https:\/\/pallasart.ee\/en\/wp-json\/wp\/v2\/users\/11"}],"replies":[{"embeddable":true,"href":"https:\/\/pallasart.ee\/en\/wp-json\/wp\/v2\/comments?post=35016"}],"version-history":[{"count":1,"href":"https:\/\/pallasart.ee\/en\/wp-json\/wp\/v2\/posts\/35016\/revisions"}],"predecessor-version":[{"id":35017,"href":"https:\/\/pallasart.ee\/en\/wp-json\/wp\/v2\/posts\/35016\/revisions\/35017"}],"wp:attachment":[{"href":"https:\/\/pallasart.ee\/en\/wp-json\/wp\/v2\/media?parent=35016"}],"curies":[{"name":"wp","href":"https:\/\/api.w.org\/{rel}","templated":true}]}}