{"id":33969,"date":"2024-12-02T11:59:42","date_gmt":"2024-12-02T11:59:42","guid":{"rendered":"https:\/\/pallasart.ee\/?p=33969"},"modified":"2024-12-02T11:59:42","modified_gmt":"2024-12-02T11:59:42","slug":"group-exhibition-of-3rd-year-textile-students-of-pallas-uas","status":"publish","type":"post","link":"https:\/\/pallasart.ee\/en\/group-exhibition-of-3rd-year-textile-students-of-pallas-uas\/","title":{"rendered":"Group exhibition of 3rd Year Textile Students of Pallas UAS"},"content":{"rendered":"\n<p>Textile &amp; Place<br>Group exhibition of 3rd Year Textile Students of Pallas UAS<br>05.12.2024 &#8211; 04.01.2025<br><br>On Thursday, 5th of December at 17:00, the 3rd year students of the textile department of Pallas University of Applied Sciences will open their joint exhibition &#8220;Textile &amp; Place&#8221; at Gallery Pallas.<br><br>What emotions does an experience evoke in us, and how can we express it in textiles? WHO, WHERE, and WHY are three interconnected questions that each student has explored to find meaningful connections and starting points. Drawing from their memories, students have translated moments and feelings from their lives into material form. Location often plays a significant role in shaping how we perceive and experience something. Each exhibit reflects the author&#8217;s personal inner world at that moment in time.<br>The exhibition presents six unique works that explore the versatility of textile techniques, materials, and perspectives. Christina Kasesalu reminds us of what it means to live in the bosom of the forest. Hanna-Maria Org looks back on her Erasmus experience, conveying the homesickness experienced there. Grete Ottis&#8217; work is about how objects left behind by those who are gone acquire new meanings and perspectives. Miina Aleksandra Piho brings everyday objects from her country home to city life. Sigre Kodasma longs for the way back home \u2013 to her roots. Liisi Tasso juxtaposes childhood joys with today&#8217;s fears.<br><br>The works exhibited at Gallery Pallas are a result of the course Means of Expression in Contemporary Textile Art led by Lithuanian textile artist Monika \u017daltauskait\u0117 Gra\u0161ien\u0117 (Vilnius Academy of Arts, Kaunas Faculty) and Marju Roos (Pallas University of Applied Sciences).<br><br>At the exhibition opening, the Tartu Municipality Scholarship will be ceremonially awarded. The scholarship aims to recognize Pallas Textile Department students who are professionally active and achieve excellent academic results.<br><br>More information:<br>Miina Aleksandra Piho<br>miina.piho@pallasart.ee<\/p>\n\n\n\n<p>Gallery Pallas<br>galerii@pallasart.ee<br>+372 734 9954<br>Tue-Sat 11-18, Riia 11, Tartu<br>facebook.com\/GaleriiPallas<\/p>\n\n\n\n<figure class=\"wp-block-image size-large\"><img loading=\"lazy\" decoding=\"async\" width=\"1024\" height=\"450\" src=\"https:\/\/pallasart.ee\/wp-content\/uploads\/2024\/12\/Tekstiil-ja-koht_Christina-Kasesalu_Miina-Aleksandra-Piho_Galerii-Pallas-1024x450.jpg\" alt=\"\" class=\"wp-image-33970\" srcset=\"https:\/\/pallasart.ee\/wp-content\/uploads\/2024\/12\/Tekstiil-ja-koht_Christina-Kasesalu_Miina-Aleksandra-Piho_Galerii-Pallas-1024x450.jpg 1024w, https:\/\/pallasart.ee\/wp-content\/uploads\/2024\/12\/Tekstiil-ja-koht_Christina-Kasesalu_Miina-Aleksandra-Piho_Galerii-Pallas-300x132.jpg 300w, https:\/\/pallasart.ee\/wp-content\/uploads\/2024\/12\/Tekstiil-ja-koht_Christina-Kasesalu_Miina-Aleksandra-Piho_Galerii-Pallas-768x337.jpg 768w, https:\/\/pallasart.ee\/wp-content\/uploads\/2024\/12\/Tekstiil-ja-koht_Christina-Kasesalu_Miina-Aleksandra-Piho_Galerii-Pallas-1536x674.jpg 1536w, https:\/\/pallasart.ee\/wp-content\/uploads\/2024\/12\/Tekstiil-ja-koht_Christina-Kasesalu_Miina-Aleksandra-Piho_Galerii-Pallas-1367x600.jpg 1367w, https:\/\/pallasart.ee\/wp-content\/uploads\/2024\/12\/Tekstiil-ja-koht_Christina-Kasesalu_Miina-Aleksandra-Piho_Galerii-Pallas.jpg 1920w\" sizes=\"auto, (max-width: 1024px) 100vw, 1024px\" \/><\/figure>\n\n\n\n<p><br>Cover photo: Christina Kasesalu and Miina Aleksandra Piho.<\/p>\n","protected":false},"excerpt":{"rendered":"<p>Textile &amp; PlaceGroup exhibition of 3rd Year Textile Students of Pallas UAS05.12.2024 &#8211; 04.01.2025 On Thursday, 5th of December at 17:00, the 3rd year students of the textile department of Pallas University of Applied Sciences will open their joint exhibition &#8220;Textile &amp; Place&#8221; at Gallery Pallas. What emotions does an experience evoke in us, and [&hellip;]<\/p>\n","protected":false},"author":11,"featured_media":0,"comment_status":"closed","ping_status":"closed","sticky":false,"template":"templates\/content-news.php","format":"standard","meta":{"_acf_changed":false,"footnotes":""},"class_list":["post-33969","post","type-post","status-publish","hentry"],"acf":[],"yoast_head":"<!-- This site is optimized with the Yoast SEO plugin v27.4 - https:\/\/yoast.com\/product\/yoast-seo-wordpress\/ -->\n<title>Group exhibition of 3rd Year Textile Students of Pallas UAS - K\u00f5rgem Kunstikool Pallas<\/title>\n<meta name=\"robots\" content=\"index, follow, max-snippet:-1, max-image-preview:large, max-video-preview:-1\" \/>\n<link rel=\"canonical\" href=\"https:\/\/pallasart.ee\/en\/group-exhibition-of-3rd-year-textile-students-of-pallas-uas\/\" \/>\n<meta property=\"og:locale\" content=\"en_US\" \/>\n<meta property=\"og:type\" content=\"article\" \/>\n<meta property=\"og:title\" content=\"Group exhibition of 3rd Year Textile Students of Pallas UAS - K\u00f5rgem Kunstikool Pallas\" \/>\n<meta property=\"og:description\" content=\"Textile &amp; PlaceGroup exhibition of 3rd Year Textile Students of Pallas UAS05.12.2024 &#8211; 04.01.2025 On Thursday, 5th of December at 17:00, the 3rd year students of the textile department of Pallas University of Applied Sciences will open their joint exhibition &#8220;Textile &amp; Place&#8221; at Gallery Pallas. What emotions does an experience evoke in us, and [&hellip;]\" \/>\n<meta property=\"og:url\" content=\"https:\/\/pallasart.ee\/en\/group-exhibition-of-3rd-year-textile-students-of-pallas-uas\/\" \/>\n<meta property=\"og:site_name\" content=\"K\u00f5rgem Kunstikool Pallas\" \/>\n<meta property=\"article:published_time\" content=\"2024-12-02T11:59:42+00:00\" \/>\n<meta property=\"og:image\" content=\"https:\/\/pallasart.ee\/wp-content\/uploads\/2024\/12\/Tekstiil-ja-koht_Christina-Kasesalu_Miina-Aleksandra-Piho_Galerii-Pallas.jpg\" \/>\n\t<meta property=\"og:image:width\" content=\"1920\" \/>\n\t<meta property=\"og:image:height\" content=\"843\" \/>\n\t<meta property=\"og:image:type\" content=\"image\/jpeg\" \/>\n<meta name=\"author\" content=\"Piret Kaevats\" \/>\n<meta name=\"twitter:card\" content=\"summary_large_image\" \/>\n<meta name=\"twitter:label1\" content=\"Written by\" \/>\n\t<meta name=\"twitter:data1\" content=\"Piret Kaevats\" \/>\n\t<meta name=\"twitter:label2\" content=\"Est. reading time\" \/>\n\t<meta name=\"twitter:data2\" content=\"3 minutes\" \/>\n<script type=\"application\/ld+json\" class=\"yoast-schema-graph\">{\"@context\":\"https:\\\/\\\/schema.org\",\"@graph\":[{\"@type\":\"Article\",\"@id\":\"https:\\\/\\\/pallasart.ee\\\/en\\\/group-exhibition-of-3rd-year-textile-students-of-pallas-uas\\\/#article\",\"isPartOf\":{\"@id\":\"https:\\\/\\\/pallasart.ee\\\/en\\\/group-exhibition-of-3rd-year-textile-students-of-pallas-uas\\\/\"},\"author\":{\"name\":\"Piret Kaevats\",\"@id\":\"https:\\\/\\\/pallasart.ee\\\/en\\\/#\\\/schema\\\/person\\\/558a8a98412045731bc68737993053ab\"},\"headline\":\"Group exhibition of 3rd Year Textile Students of Pallas UAS\",\"datePublished\":\"2024-12-02T11:59:42+00:00\",\"mainEntityOfPage\":{\"@id\":\"https:\\\/\\\/pallasart.ee\\\/en\\\/group-exhibition-of-3rd-year-textile-students-of-pallas-uas\\\/\"},\"wordCount\":329,\"publisher\":{\"@id\":\"https:\\\/\\\/pallasart.ee\\\/en\\\/#organization\"},\"image\":{\"@id\":\"https:\\\/\\\/pallasart.ee\\\/en\\\/group-exhibition-of-3rd-year-textile-students-of-pallas-uas\\\/#primaryimage\"},\"thumbnailUrl\":\"https:\\\/\\\/pallasart.ee\\\/wp-content\\\/uploads\\\/2024\\\/12\\\/Tekstiil-ja-koht_Christina-Kasesalu_Miina-Aleksandra-Piho_Galerii-Pallas-1024x450.jpg\",\"inLanguage\":\"en-US\"},{\"@type\":\"WebPage\",\"@id\":\"https:\\\/\\\/pallasart.ee\\\/en\\\/group-exhibition-of-3rd-year-textile-students-of-pallas-uas\\\/\",\"url\":\"https:\\\/\\\/pallasart.ee\\\/en\\\/group-exhibition-of-3rd-year-textile-students-of-pallas-uas\\\/\",\"name\":\"Group exhibition of 3rd Year Textile Students of Pallas UAS - K\u00f5rgem Kunstikool Pallas\",\"isPartOf\":{\"@id\":\"https:\\\/\\\/pallasart.ee\\\/en\\\/#website\"},\"primaryImageOfPage\":{\"@id\":\"https:\\\/\\\/pallasart.ee\\\/en\\\/group-exhibition-of-3rd-year-textile-students-of-pallas-uas\\\/#primaryimage\"},\"image\":{\"@id\":\"https:\\\/\\\/pallasart.ee\\\/en\\\/group-exhibition-of-3rd-year-textile-students-of-pallas-uas\\\/#primaryimage\"},\"thumbnailUrl\":\"https:\\\/\\\/pallasart.ee\\\/wp-content\\\/uploads\\\/2024\\\/12\\\/Tekstiil-ja-koht_Christina-Kasesalu_Miina-Aleksandra-Piho_Galerii-Pallas-1024x450.jpg\",\"datePublished\":\"2024-12-02T11:59:42+00:00\",\"breadcrumb\":{\"@id\":\"https:\\\/\\\/pallasart.ee\\\/en\\\/group-exhibition-of-3rd-year-textile-students-of-pallas-uas\\\/#breadcrumb\"},\"inLanguage\":\"en-US\",\"potentialAction\":[{\"@type\":\"ReadAction\",\"target\":[\"https:\\\/\\\/pallasart.ee\\\/en\\\/group-exhibition-of-3rd-year-textile-students-of-pallas-uas\\\/\"]}]},{\"@type\":\"ImageObject\",\"inLanguage\":\"en-US\",\"@id\":\"https:\\\/\\\/pallasart.ee\\\/en\\\/group-exhibition-of-3rd-year-textile-students-of-pallas-uas\\\/#primaryimage\",\"url\":\"https:\\\/\\\/pallasart.ee\\\/wp-content\\\/uploads\\\/2024\\\/12\\\/Tekstiil-ja-koht_Christina-Kasesalu_Miina-Aleksandra-Piho_Galerii-Pallas-1024x450.jpg\",\"contentUrl\":\"https:\\\/\\\/pallasart.ee\\\/wp-content\\\/uploads\\\/2024\\\/12\\\/Tekstiil-ja-koht_Christina-Kasesalu_Miina-Aleksandra-Piho_Galerii-Pallas-1024x450.jpg\"},{\"@type\":\"BreadcrumbList\",\"@id\":\"https:\\\/\\\/pallasart.ee\\\/en\\\/group-exhibition-of-3rd-year-textile-students-of-pallas-uas\\\/#breadcrumb\",\"itemListElement\":[{\"@type\":\"ListItem\",\"position\":1,\"name\":\"Home\",\"item\":\"https:\\\/\\\/pallasart.ee\\\/en\\\/\"},{\"@type\":\"ListItem\",\"position\":2,\"name\":\"Group exhibition of 3rd Year Textile Students of Pallas UAS\"}]},{\"@type\":\"WebSite\",\"@id\":\"https:\\\/\\\/pallasart.ee\\\/en\\\/#website\",\"url\":\"https:\\\/\\\/pallasart.ee\\\/en\\\/\",\"name\":\"K\u00f5rgem Kunstikool Pallas\",\"description\":\"\",\"publisher\":{\"@id\":\"https:\\\/\\\/pallasart.ee\\\/en\\\/#organization\"},\"potentialAction\":[{\"@type\":\"SearchAction\",\"target\":{\"@type\":\"EntryPoint\",\"urlTemplate\":\"https:\\\/\\\/pallasart.ee\\\/en\\\/?s={search_term_string}\"},\"query-input\":{\"@type\":\"PropertyValueSpecification\",\"valueRequired\":true,\"valueName\":\"search_term_string\"}}],\"inLanguage\":\"en-US\"},{\"@type\":\"Organization\",\"@id\":\"https:\\\/\\\/pallasart.ee\\\/en\\\/#organization\",\"name\":\"K\u00f5rgem Kunstikool Pallas\",\"url\":\"https:\\\/\\\/pallasart.ee\\\/en\\\/\",\"logo\":{\"@type\":\"ImageObject\",\"inLanguage\":\"en-US\",\"@id\":\"https:\\\/\\\/pallasart.ee\\\/en\\\/#\\\/schema\\\/logo\\\/image\\\/\",\"url\":\"https:\\\/\\\/pallasart.ee\\\/wp-content\\\/uploads\\\/2020\\\/02\\\/pallas-logo.jpg\",\"contentUrl\":\"https:\\\/\\\/pallasart.ee\\\/wp-content\\\/uploads\\\/2020\\\/02\\\/pallas-logo.jpg\",\"width\":600,\"height\":246,\"caption\":\"K\u00f5rgem Kunstikool Pallas\"},\"image\":{\"@id\":\"https:\\\/\\\/pallasart.ee\\\/en\\\/#\\\/schema\\\/logo\\\/image\\\/\"}},{\"@type\":\"Person\",\"@id\":\"https:\\\/\\\/pallasart.ee\\\/en\\\/#\\\/schema\\\/person\\\/558a8a98412045731bc68737993053ab\",\"name\":\"Piret Kaevats\",\"image\":{\"@type\":\"ImageObject\",\"inLanguage\":\"en-US\",\"@id\":\"https:\\\/\\\/secure.gravatar.com\\\/avatar\\\/2e238102d4e77df543cf7dbf4b5f6a8a248f5f651820d766c8081118585e3efe?s=96&d=mm&r=g\",\"url\":\"https:\\\/\\\/secure.gravatar.com\\\/avatar\\\/2e238102d4e77df543cf7dbf4b5f6a8a248f5f651820d766c8081118585e3efe?s=96&d=mm&r=g\",\"contentUrl\":\"https:\\\/\\\/secure.gravatar.com\\\/avatar\\\/2e238102d4e77df543cf7dbf4b5f6a8a248f5f651820d766c8081118585e3efe?s=96&d=mm&r=g\",\"caption\":\"Piret Kaevats\"},\"url\":\"https:\\\/\\\/pallasart.ee\\\/en\\\/author\\\/piret-kaevats\\\/\"}]}<\/script>\n<!-- \/ Yoast SEO plugin. -->","yoast_head_json":{"title":"Group exhibition of 3rd Year Textile Students of Pallas UAS - K\u00f5rgem Kunstikool Pallas","robots":{"index":"index","follow":"follow","max-snippet":"max-snippet:-1","max-image-preview":"max-image-preview:large","max-video-preview":"max-video-preview:-1"},"canonical":"https:\/\/pallasart.ee\/en\/group-exhibition-of-3rd-year-textile-students-of-pallas-uas\/","og_locale":"en_US","og_type":"article","og_title":"Group exhibition of 3rd Year Textile Students of Pallas UAS - K\u00f5rgem Kunstikool Pallas","og_description":"Textile &amp; PlaceGroup exhibition of 3rd Year Textile Students of Pallas UAS05.12.2024 &#8211; 04.01.2025 On Thursday, 5th of December at 17:00, the 3rd year students of the textile department of Pallas University of Applied Sciences will open their joint exhibition &#8220;Textile &amp; Place&#8221; at Gallery Pallas. What emotions does an experience evoke in us, and [&hellip;]","og_url":"https:\/\/pallasart.ee\/en\/group-exhibition-of-3rd-year-textile-students-of-pallas-uas\/","og_site_name":"K\u00f5rgem Kunstikool Pallas","article_published_time":"2024-12-02T11:59:42+00:00","og_image":[{"width":1920,"height":843,"url":"https:\/\/pallasart.ee\/wp-content\/uploads\/2024\/12\/Tekstiil-ja-koht_Christina-Kasesalu_Miina-Aleksandra-Piho_Galerii-Pallas.jpg","type":"image\/jpeg"}],"author":"Piret Kaevats","twitter_card":"summary_large_image","twitter_misc":{"Written by":"Piret Kaevats","Est. reading time":"3 minutes"},"schema":{"@context":"https:\/\/schema.org","@graph":[{"@type":"Article","@id":"https:\/\/pallasart.ee\/en\/group-exhibition-of-3rd-year-textile-students-of-pallas-uas\/#article","isPartOf":{"@id":"https:\/\/pallasart.ee\/en\/group-exhibition-of-3rd-year-textile-students-of-pallas-uas\/"},"author":{"name":"Piret Kaevats","@id":"https:\/\/pallasart.ee\/en\/#\/schema\/person\/558a8a98412045731bc68737993053ab"},"headline":"Group exhibition of 3rd Year Textile Students of Pallas UAS","datePublished":"2024-12-02T11:59:42+00:00","mainEntityOfPage":{"@id":"https:\/\/pallasart.ee\/en\/group-exhibition-of-3rd-year-textile-students-of-pallas-uas\/"},"wordCount":329,"publisher":{"@id":"https:\/\/pallasart.ee\/en\/#organization"},"image":{"@id":"https:\/\/pallasart.ee\/en\/group-exhibition-of-3rd-year-textile-students-of-pallas-uas\/#primaryimage"},"thumbnailUrl":"https:\/\/pallasart.ee\/wp-content\/uploads\/2024\/12\/Tekstiil-ja-koht_Christina-Kasesalu_Miina-Aleksandra-Piho_Galerii-Pallas-1024x450.jpg","inLanguage":"en-US"},{"@type":"WebPage","@id":"https:\/\/pallasart.ee\/en\/group-exhibition-of-3rd-year-textile-students-of-pallas-uas\/","url":"https:\/\/pallasart.ee\/en\/group-exhibition-of-3rd-year-textile-students-of-pallas-uas\/","name":"Group exhibition of 3rd Year Textile Students of Pallas UAS - K\u00f5rgem Kunstikool Pallas","isPartOf":{"@id":"https:\/\/pallasart.ee\/en\/#website"},"primaryImageOfPage":{"@id":"https:\/\/pallasart.ee\/en\/group-exhibition-of-3rd-year-textile-students-of-pallas-uas\/#primaryimage"},"image":{"@id":"https:\/\/pallasart.ee\/en\/group-exhibition-of-3rd-year-textile-students-of-pallas-uas\/#primaryimage"},"thumbnailUrl":"https:\/\/pallasart.ee\/wp-content\/uploads\/2024\/12\/Tekstiil-ja-koht_Christina-Kasesalu_Miina-Aleksandra-Piho_Galerii-Pallas-1024x450.jpg","datePublished":"2024-12-02T11:59:42+00:00","breadcrumb":{"@id":"https:\/\/pallasart.ee\/en\/group-exhibition-of-3rd-year-textile-students-of-pallas-uas\/#breadcrumb"},"inLanguage":"en-US","potentialAction":[{"@type":"ReadAction","target":["https:\/\/pallasart.ee\/en\/group-exhibition-of-3rd-year-textile-students-of-pallas-uas\/"]}]},{"@type":"ImageObject","inLanguage":"en-US","@id":"https:\/\/pallasart.ee\/en\/group-exhibition-of-3rd-year-textile-students-of-pallas-uas\/#primaryimage","url":"https:\/\/pallasart.ee\/wp-content\/uploads\/2024\/12\/Tekstiil-ja-koht_Christina-Kasesalu_Miina-Aleksandra-Piho_Galerii-Pallas-1024x450.jpg","contentUrl":"https:\/\/pallasart.ee\/wp-content\/uploads\/2024\/12\/Tekstiil-ja-koht_Christina-Kasesalu_Miina-Aleksandra-Piho_Galerii-Pallas-1024x450.jpg"},{"@type":"BreadcrumbList","@id":"https:\/\/pallasart.ee\/en\/group-exhibition-of-3rd-year-textile-students-of-pallas-uas\/#breadcrumb","itemListElement":[{"@type":"ListItem","position":1,"name":"Home","item":"https:\/\/pallasart.ee\/en\/"},{"@type":"ListItem","position":2,"name":"Group exhibition of 3rd Year Textile Students of Pallas UAS"}]},{"@type":"WebSite","@id":"https:\/\/pallasart.ee\/en\/#website","url":"https:\/\/pallasart.ee\/en\/","name":"K\u00f5rgem Kunstikool Pallas","description":"","publisher":{"@id":"https:\/\/pallasart.ee\/en\/#organization"},"potentialAction":[{"@type":"SearchAction","target":{"@type":"EntryPoint","urlTemplate":"https:\/\/pallasart.ee\/en\/?s={search_term_string}"},"query-input":{"@type":"PropertyValueSpecification","valueRequired":true,"valueName":"search_term_string"}}],"inLanguage":"en-US"},{"@type":"Organization","@id":"https:\/\/pallasart.ee\/en\/#organization","name":"K\u00f5rgem Kunstikool Pallas","url":"https:\/\/pallasart.ee\/en\/","logo":{"@type":"ImageObject","inLanguage":"en-US","@id":"https:\/\/pallasart.ee\/en\/#\/schema\/logo\/image\/","url":"https:\/\/pallasart.ee\/wp-content\/uploads\/2020\/02\/pallas-logo.jpg","contentUrl":"https:\/\/pallasart.ee\/wp-content\/uploads\/2020\/02\/pallas-logo.jpg","width":600,"height":246,"caption":"K\u00f5rgem Kunstikool Pallas"},"image":{"@id":"https:\/\/pallasart.ee\/en\/#\/schema\/logo\/image\/"}},{"@type":"Person","@id":"https:\/\/pallasart.ee\/en\/#\/schema\/person\/558a8a98412045731bc68737993053ab","name":"Piret Kaevats","image":{"@type":"ImageObject","inLanguage":"en-US","@id":"https:\/\/secure.gravatar.com\/avatar\/2e238102d4e77df543cf7dbf4b5f6a8a248f5f651820d766c8081118585e3efe?s=96&d=mm&r=g","url":"https:\/\/secure.gravatar.com\/avatar\/2e238102d4e77df543cf7dbf4b5f6a8a248f5f651820d766c8081118585e3efe?s=96&d=mm&r=g","contentUrl":"https:\/\/secure.gravatar.com\/avatar\/2e238102d4e77df543cf7dbf4b5f6a8a248f5f651820d766c8081118585e3efe?s=96&d=mm&r=g","caption":"Piret Kaevats"},"url":"https:\/\/pallasart.ee\/en\/author\/piret-kaevats\/"}]}},"_links":{"self":[{"href":"https:\/\/pallasart.ee\/en\/wp-json\/wp\/v2\/posts\/33969","targetHints":{"allow":["GET"]}}],"collection":[{"href":"https:\/\/pallasart.ee\/en\/wp-json\/wp\/v2\/posts"}],"about":[{"href":"https:\/\/pallasart.ee\/en\/wp-json\/wp\/v2\/types\/post"}],"author":[{"embeddable":true,"href":"https:\/\/pallasart.ee\/en\/wp-json\/wp\/v2\/users\/11"}],"replies":[{"embeddable":true,"href":"https:\/\/pallasart.ee\/en\/wp-json\/wp\/v2\/comments?post=33969"}],"version-history":[{"count":1,"href":"https:\/\/pallasart.ee\/en\/wp-json\/wp\/v2\/posts\/33969\/revisions"}],"predecessor-version":[{"id":33972,"href":"https:\/\/pallasart.ee\/en\/wp-json\/wp\/v2\/posts\/33969\/revisions\/33972"}],"wp:attachment":[{"href":"https:\/\/pallasart.ee\/en\/wp-json\/wp\/v2\/media?parent=33969"}],"curies":[{"name":"wp","href":"https:\/\/api.w.org\/{rel}","templated":true}]}}