{"id":32362,"date":"2024-07-08T07:18:05","date_gmt":"2024-07-08T07:18:05","guid":{"rendered":"https:\/\/pallasart.ee\/?p=32362"},"modified":"2024-07-08T07:18:06","modified_gmt":"2024-07-08T07:18:06","slug":"ilmar-malin-100-homo-ludens-at-the-gallery-pallas","status":"publish","type":"post","link":"https:\/\/pallasart.ee\/en\/ilmar-malin-100-homo-ludens-at-the-gallery-pallas\/","title":{"rendered":"\u201cIlmar Malin 100. Homo Ludens\u201d at the Gallery Pallas"},"content":{"rendered":"\n<p>\u201cIlmar Malin 100. Homo Ludens\u201d at the Gallery Pallas<br>12.07-17.08.2024<\/p>\n\n\n\n<p>On Friday, 12 July at 5 p.m. the exhibition \u201cHomo Ludens\u201d dedicated to the 100th anniversary of Ilmar Malin will be opened at the Gallery Pallas.<\/p>\n\n\n\n<p>This year marks the 100th anniversary of the birth of Ilmar Malin (1924\u20132024). He is one of the most important painters from Estonia and especially from Tartu during the second half of the 20th century. Over the course of his diverse career, he managed to move from the compulsory socialist realism of his school years through in-depth explorations of surrealism to innovative installation art of the of the 1990s.<\/p>\n\n\n\n<p>The exhibition at the Pallas Gallery will mainly focus on Malin\u2019s non-surrealist oeuvre, thereby complementing the exhibition \u201cIlmar Malin. Glow of Eternity\u201d at the Tartu Art Museum (open until July 21). The curators also wanted to focus on works which the audience has seen rarely if at all since they are in private collections or in difficult to access locations.<\/p>\n\n\n\n<p>The large hall on the ground floor is filled with paintings: on display are works from Malin\u2019s early portraits and a sketch for his graduate work at the State Art Institute of the Estonian SSR to monumental series which are shown for the first time away from their intended locations. Additionally, examples from his travels to Central Asia, industrial scenes from Ida-Virumaa and a selection from Malin\u2019s rich portrait gallery.<\/p>\n\n\n\n<p>The basement offers an overview of the artist\u2019s surrealist drawings and prints left out of Tartu Art Museum\u2019s exhibition but are nonetheless considered the quintessence of the artist\u2019s surrealist oeuvre. Some of Malin\u2019s installations have also been recreated. The second floor project room contains reproductions of monumental works, preliminary designs and archive material.<\/p>\n\n\n\n<p>The exhibition is curated by the artist\u2019s son Jaan Malin and the art historians Holger Rajavee and Peeter Talvistu. The exhibition design is by the artist Enn Tegova.<\/p>\n\n\n\n<p>Lenders of the works: Estonian Literary Museum, Estonian National Museum, Estonian Theatre and Music Museum, Kohtla-J\u00e4rve Oil Shale Museum, L\u00e4\u00e4neranna county, Tartu Art Museum, Tartu Town Government, University of Tartu, Viinistu Art Museum and private collections.<\/p>\n\n\n\n<p>The exhibition \u201cIlmar Malin 100. Homo Ludens\u201d is open until 17 August.<br>The exhibition is supported by the Cultural Endowment of Estonia.<\/p>\n\n\n\n<figure class=\"wp-block-image size-full\"><img loading=\"lazy\" decoding=\"async\" width=\"818\" height=\"1000\" src=\"https:\/\/pallasart.ee\/wp-content\/uploads\/2024\/07\/Pressifoto_Ilmar-Malin.-Autoportree.-1954.-Oli-louend.-Erakogu.jpg\" alt=\"lmar Malin Autoportree 1954 n\u00e4tus pallase galeriis\" class=\"wp-image-32356\" srcset=\"https:\/\/pallasart.ee\/wp-content\/uploads\/2024\/07\/Pressifoto_Ilmar-Malin.-Autoportree.-1954.-Oli-louend.-Erakogu.jpg 818w, https:\/\/pallasart.ee\/wp-content\/uploads\/2024\/07\/Pressifoto_Ilmar-Malin.-Autoportree.-1954.-Oli-louend.-Erakogu-245x300.jpg 245w, https:\/\/pallasart.ee\/wp-content\/uploads\/2024\/07\/Pressifoto_Ilmar-Malin.-Autoportree.-1954.-Oli-louend.-Erakogu-768x939.jpg 768w, https:\/\/pallasart.ee\/wp-content\/uploads\/2024\/07\/Pressifoto_Ilmar-Malin.-Autoportree.-1954.-Oli-louend.-Erakogu-491x600.jpg 491w\" sizes=\"auto, (max-width: 818px) 100vw, 818px\" \/><\/figure>\n\n\n\n<p>Additional information:<br>Peeter Talvistu<br>talvistu@gmail.com<br>00372 5650 7782<\/p>\n\n\n\n<p>Gallery Pallas<br>galerii@pallasart.ee\u202f<br>+372 7349954\u202f<br>Tue\u2013Sat 11\u201318\u202f<br>Riia 11, Tartu\u202f<br>www.facebook.com\/GaleriiPallas\u202f<\/p>\n\n\n\n<p><em>Coverphoto: Ilmar Malin. Self-Portrait. 1954. Oil on canvas. Private collection<\/em><\/p>\n","protected":false},"excerpt":{"rendered":"<p>\u201cIlmar Malin 100. Homo Ludens\u201d at the Gallery Pallas12.07-17.08.2024 On Friday, 12 July at 5 p.m. the exhibition \u201cHomo Ludens\u201d dedicated to the 100th anniversary of Ilmar Malin will be opened at the Gallery Pallas. This year marks the 100th anniversary of the birth of Ilmar Malin (1924\u20132024). He is one of the most important [&hellip;]<\/p>\n","protected":false},"author":11,"featured_media":0,"comment_status":"closed","ping_status":"closed","sticky":false,"template":"templates\/content-news.php","format":"standard","meta":{"_acf_changed":false,"footnotes":""},"class_list":["post-32362","post","type-post","status-publish","hentry"],"acf":[],"yoast_head":"<!-- This site is optimized with the Yoast SEO plugin v27.4 - https:\/\/yoast.com\/product\/yoast-seo-wordpress\/ -->\n<title>\u201cIlmar Malin 100. Homo Ludens\u201d at the Gallery Pallas - K\u00f5rgem Kunstikool Pallas<\/title>\n<meta name=\"robots\" content=\"index, follow, max-snippet:-1, max-image-preview:large, max-video-preview:-1\" \/>\n<link rel=\"canonical\" href=\"https:\/\/pallasart.ee\/en\/ilmar-malin-100-homo-ludens-at-the-gallery-pallas\/\" \/>\n<meta property=\"og:locale\" content=\"en_US\" \/>\n<meta property=\"og:type\" content=\"article\" \/>\n<meta property=\"og:title\" content=\"\u201cIlmar Malin 100. Homo Ludens\u201d at the Gallery Pallas - K\u00f5rgem Kunstikool Pallas\" \/>\n<meta property=\"og:description\" content=\"\u201cIlmar Malin 100. Homo Ludens\u201d at the Gallery Pallas12.07-17.08.2024 On Friday, 12 July at 5 p.m. the exhibition \u201cHomo Ludens\u201d dedicated to the 100th anniversary of Ilmar Malin will be opened at the Gallery Pallas. This year marks the 100th anniversary of the birth of Ilmar Malin (1924\u20132024). He is one of the most important [&hellip;]\" \/>\n<meta property=\"og:url\" content=\"https:\/\/pallasart.ee\/en\/ilmar-malin-100-homo-ludens-at-the-gallery-pallas\/\" \/>\n<meta property=\"og:site_name\" content=\"K\u00f5rgem Kunstikool Pallas\" \/>\n<meta property=\"article:published_time\" content=\"2024-07-08T07:18:05+00:00\" \/>\n<meta property=\"article:modified_time\" content=\"2024-07-08T07:18:06+00:00\" \/>\n<meta property=\"og:image\" content=\"https:\/\/pallasart.ee\/wp-content\/uploads\/2024\/07\/Pressifoto_Ilmar-Malin.-Autoportree.-1954.-Oli-louend.-Erakogu.jpg\" \/>\n<meta name=\"author\" content=\"Piret Kaevats\" \/>\n<meta name=\"twitter:card\" content=\"summary_large_image\" \/>\n<meta name=\"twitter:label1\" content=\"Written by\" \/>\n\t<meta name=\"twitter:data1\" content=\"Piret Kaevats\" \/>\n\t<meta name=\"twitter:label2\" content=\"Est. reading time\" \/>\n\t<meta name=\"twitter:data2\" content=\"3 minutes\" \/>\n<script type=\"application\/ld+json\" class=\"yoast-schema-graph\">{\"@context\":\"https:\\\/\\\/schema.org\",\"@graph\":[{\"@type\":\"Article\",\"@id\":\"https:\\\/\\\/pallasart.ee\\\/en\\\/ilmar-malin-100-homo-ludens-at-the-gallery-pallas\\\/#article\",\"isPartOf\":{\"@id\":\"https:\\\/\\\/pallasart.ee\\\/en\\\/ilmar-malin-100-homo-ludens-at-the-gallery-pallas\\\/\"},\"author\":{\"name\":\"Piret Kaevats\",\"@id\":\"https:\\\/\\\/pallasart.ee\\\/en\\\/#\\\/schema\\\/person\\\/558a8a98412045731bc68737993053ab\"},\"headline\":\"\u201cIlmar Malin 100. Homo Ludens\u201d at the Gallery Pallas\",\"datePublished\":\"2024-07-08T07:18:05+00:00\",\"dateModified\":\"2024-07-08T07:18:06+00:00\",\"mainEntityOfPage\":{\"@id\":\"https:\\\/\\\/pallasart.ee\\\/en\\\/ilmar-malin-100-homo-ludens-at-the-gallery-pallas\\\/\"},\"wordCount\":413,\"publisher\":{\"@id\":\"https:\\\/\\\/pallasart.ee\\\/en\\\/#organization\"},\"image\":{\"@id\":\"https:\\\/\\\/pallasart.ee\\\/en\\\/ilmar-malin-100-homo-ludens-at-the-gallery-pallas\\\/#primaryimage\"},\"thumbnailUrl\":\"https:\\\/\\\/pallasart.ee\\\/wp-content\\\/uploads\\\/2024\\\/07\\\/Pressifoto_Ilmar-Malin.-Autoportree.-1954.-Oli-louend.-Erakogu.jpg\",\"inLanguage\":\"en-US\"},{\"@type\":\"WebPage\",\"@id\":\"https:\\\/\\\/pallasart.ee\\\/en\\\/ilmar-malin-100-homo-ludens-at-the-gallery-pallas\\\/\",\"url\":\"https:\\\/\\\/pallasart.ee\\\/en\\\/ilmar-malin-100-homo-ludens-at-the-gallery-pallas\\\/\",\"name\":\"\u201cIlmar Malin 100. Homo Ludens\u201d at the Gallery Pallas - K\u00f5rgem Kunstikool Pallas\",\"isPartOf\":{\"@id\":\"https:\\\/\\\/pallasart.ee\\\/en\\\/#website\"},\"primaryImageOfPage\":{\"@id\":\"https:\\\/\\\/pallasart.ee\\\/en\\\/ilmar-malin-100-homo-ludens-at-the-gallery-pallas\\\/#primaryimage\"},\"image\":{\"@id\":\"https:\\\/\\\/pallasart.ee\\\/en\\\/ilmar-malin-100-homo-ludens-at-the-gallery-pallas\\\/#primaryimage\"},\"thumbnailUrl\":\"https:\\\/\\\/pallasart.ee\\\/wp-content\\\/uploads\\\/2024\\\/07\\\/Pressifoto_Ilmar-Malin.-Autoportree.-1954.-Oli-louend.-Erakogu.jpg\",\"datePublished\":\"2024-07-08T07:18:05+00:00\",\"dateModified\":\"2024-07-08T07:18:06+00:00\",\"breadcrumb\":{\"@id\":\"https:\\\/\\\/pallasart.ee\\\/en\\\/ilmar-malin-100-homo-ludens-at-the-gallery-pallas\\\/#breadcrumb\"},\"inLanguage\":\"en-US\",\"potentialAction\":[{\"@type\":\"ReadAction\",\"target\":[\"https:\\\/\\\/pallasart.ee\\\/en\\\/ilmar-malin-100-homo-ludens-at-the-gallery-pallas\\\/\"]}]},{\"@type\":\"ImageObject\",\"inLanguage\":\"en-US\",\"@id\":\"https:\\\/\\\/pallasart.ee\\\/en\\\/ilmar-malin-100-homo-ludens-at-the-gallery-pallas\\\/#primaryimage\",\"url\":\"https:\\\/\\\/pallasart.ee\\\/wp-content\\\/uploads\\\/2024\\\/07\\\/Pressifoto_Ilmar-Malin.-Autoportree.-1954.-Oli-louend.-Erakogu.jpg\",\"contentUrl\":\"https:\\\/\\\/pallasart.ee\\\/wp-content\\\/uploads\\\/2024\\\/07\\\/Pressifoto_Ilmar-Malin.-Autoportree.-1954.-Oli-louend.-Erakogu.jpg\"},{\"@type\":\"BreadcrumbList\",\"@id\":\"https:\\\/\\\/pallasart.ee\\\/en\\\/ilmar-malin-100-homo-ludens-at-the-gallery-pallas\\\/#breadcrumb\",\"itemListElement\":[{\"@type\":\"ListItem\",\"position\":1,\"name\":\"Home\",\"item\":\"https:\\\/\\\/pallasart.ee\\\/en\\\/\"},{\"@type\":\"ListItem\",\"position\":2,\"name\":\"\u201cIlmar Malin 100. Homo Ludens\u201d at the Gallery Pallas\"}]},{\"@type\":\"WebSite\",\"@id\":\"https:\\\/\\\/pallasart.ee\\\/en\\\/#website\",\"url\":\"https:\\\/\\\/pallasart.ee\\\/en\\\/\",\"name\":\"K\u00f5rgem Kunstikool Pallas\",\"description\":\"\",\"publisher\":{\"@id\":\"https:\\\/\\\/pallasart.ee\\\/en\\\/#organization\"},\"potentialAction\":[{\"@type\":\"SearchAction\",\"target\":{\"@type\":\"EntryPoint\",\"urlTemplate\":\"https:\\\/\\\/pallasart.ee\\\/en\\\/?s={search_term_string}\"},\"query-input\":{\"@type\":\"PropertyValueSpecification\",\"valueRequired\":true,\"valueName\":\"search_term_string\"}}],\"inLanguage\":\"en-US\"},{\"@type\":\"Organization\",\"@id\":\"https:\\\/\\\/pallasart.ee\\\/en\\\/#organization\",\"name\":\"K\u00f5rgem Kunstikool Pallas\",\"url\":\"https:\\\/\\\/pallasart.ee\\\/en\\\/\",\"logo\":{\"@type\":\"ImageObject\",\"inLanguage\":\"en-US\",\"@id\":\"https:\\\/\\\/pallasart.ee\\\/en\\\/#\\\/schema\\\/logo\\\/image\\\/\",\"url\":\"https:\\\/\\\/pallasart.ee\\\/wp-content\\\/uploads\\\/2020\\\/02\\\/pallas-logo.jpg\",\"contentUrl\":\"https:\\\/\\\/pallasart.ee\\\/wp-content\\\/uploads\\\/2020\\\/02\\\/pallas-logo.jpg\",\"width\":600,\"height\":246,\"caption\":\"K\u00f5rgem Kunstikool Pallas\"},\"image\":{\"@id\":\"https:\\\/\\\/pallasart.ee\\\/en\\\/#\\\/schema\\\/logo\\\/image\\\/\"}},{\"@type\":\"Person\",\"@id\":\"https:\\\/\\\/pallasart.ee\\\/en\\\/#\\\/schema\\\/person\\\/558a8a98412045731bc68737993053ab\",\"name\":\"Piret Kaevats\",\"image\":{\"@type\":\"ImageObject\",\"inLanguage\":\"en-US\",\"@id\":\"https:\\\/\\\/secure.gravatar.com\\\/avatar\\\/2e238102d4e77df543cf7dbf4b5f6a8a248f5f651820d766c8081118585e3efe?s=96&d=mm&r=g\",\"url\":\"https:\\\/\\\/secure.gravatar.com\\\/avatar\\\/2e238102d4e77df543cf7dbf4b5f6a8a248f5f651820d766c8081118585e3efe?s=96&d=mm&r=g\",\"contentUrl\":\"https:\\\/\\\/secure.gravatar.com\\\/avatar\\\/2e238102d4e77df543cf7dbf4b5f6a8a248f5f651820d766c8081118585e3efe?s=96&d=mm&r=g\",\"caption\":\"Piret Kaevats\"},\"url\":\"https:\\\/\\\/pallasart.ee\\\/en\\\/author\\\/piret-kaevats\\\/\"}]}<\/script>\n<!-- \/ Yoast SEO plugin. -->","yoast_head_json":{"title":"\u201cIlmar Malin 100. Homo Ludens\u201d at the Gallery Pallas - K\u00f5rgem Kunstikool Pallas","robots":{"index":"index","follow":"follow","max-snippet":"max-snippet:-1","max-image-preview":"max-image-preview:large","max-video-preview":"max-video-preview:-1"},"canonical":"https:\/\/pallasart.ee\/en\/ilmar-malin-100-homo-ludens-at-the-gallery-pallas\/","og_locale":"en_US","og_type":"article","og_title":"\u201cIlmar Malin 100. Homo Ludens\u201d at the Gallery Pallas - K\u00f5rgem Kunstikool Pallas","og_description":"\u201cIlmar Malin 100. Homo Ludens\u201d at the Gallery Pallas12.07-17.08.2024 On Friday, 12 July at 5 p.m. the exhibition \u201cHomo Ludens\u201d dedicated to the 100th anniversary of Ilmar Malin will be opened at the Gallery Pallas. This year marks the 100th anniversary of the birth of Ilmar Malin (1924\u20132024). He is one of the most important [&hellip;]","og_url":"https:\/\/pallasart.ee\/en\/ilmar-malin-100-homo-ludens-at-the-gallery-pallas\/","og_site_name":"K\u00f5rgem Kunstikool Pallas","article_published_time":"2024-07-08T07:18:05+00:00","article_modified_time":"2024-07-08T07:18:06+00:00","og_image":[{"url":"https:\/\/pallasart.ee\/wp-content\/uploads\/2024\/07\/Pressifoto_Ilmar-Malin.-Autoportree.-1954.-Oli-louend.-Erakogu.jpg","type":"","width":"","height":""}],"author":"Piret Kaevats","twitter_card":"summary_large_image","twitter_misc":{"Written by":"Piret Kaevats","Est. reading time":"3 minutes"},"schema":{"@context":"https:\/\/schema.org","@graph":[{"@type":"Article","@id":"https:\/\/pallasart.ee\/en\/ilmar-malin-100-homo-ludens-at-the-gallery-pallas\/#article","isPartOf":{"@id":"https:\/\/pallasart.ee\/en\/ilmar-malin-100-homo-ludens-at-the-gallery-pallas\/"},"author":{"name":"Piret Kaevats","@id":"https:\/\/pallasart.ee\/en\/#\/schema\/person\/558a8a98412045731bc68737993053ab"},"headline":"\u201cIlmar Malin 100. Homo Ludens\u201d at the Gallery Pallas","datePublished":"2024-07-08T07:18:05+00:00","dateModified":"2024-07-08T07:18:06+00:00","mainEntityOfPage":{"@id":"https:\/\/pallasart.ee\/en\/ilmar-malin-100-homo-ludens-at-the-gallery-pallas\/"},"wordCount":413,"publisher":{"@id":"https:\/\/pallasart.ee\/en\/#organization"},"image":{"@id":"https:\/\/pallasart.ee\/en\/ilmar-malin-100-homo-ludens-at-the-gallery-pallas\/#primaryimage"},"thumbnailUrl":"https:\/\/pallasart.ee\/wp-content\/uploads\/2024\/07\/Pressifoto_Ilmar-Malin.-Autoportree.-1954.-Oli-louend.-Erakogu.jpg","inLanguage":"en-US"},{"@type":"WebPage","@id":"https:\/\/pallasart.ee\/en\/ilmar-malin-100-homo-ludens-at-the-gallery-pallas\/","url":"https:\/\/pallasart.ee\/en\/ilmar-malin-100-homo-ludens-at-the-gallery-pallas\/","name":"\u201cIlmar Malin 100. Homo Ludens\u201d at the Gallery Pallas - K\u00f5rgem Kunstikool Pallas","isPartOf":{"@id":"https:\/\/pallasart.ee\/en\/#website"},"primaryImageOfPage":{"@id":"https:\/\/pallasart.ee\/en\/ilmar-malin-100-homo-ludens-at-the-gallery-pallas\/#primaryimage"},"image":{"@id":"https:\/\/pallasart.ee\/en\/ilmar-malin-100-homo-ludens-at-the-gallery-pallas\/#primaryimage"},"thumbnailUrl":"https:\/\/pallasart.ee\/wp-content\/uploads\/2024\/07\/Pressifoto_Ilmar-Malin.-Autoportree.-1954.-Oli-louend.-Erakogu.jpg","datePublished":"2024-07-08T07:18:05+00:00","dateModified":"2024-07-08T07:18:06+00:00","breadcrumb":{"@id":"https:\/\/pallasart.ee\/en\/ilmar-malin-100-homo-ludens-at-the-gallery-pallas\/#breadcrumb"},"inLanguage":"en-US","potentialAction":[{"@type":"ReadAction","target":["https:\/\/pallasart.ee\/en\/ilmar-malin-100-homo-ludens-at-the-gallery-pallas\/"]}]},{"@type":"ImageObject","inLanguage":"en-US","@id":"https:\/\/pallasart.ee\/en\/ilmar-malin-100-homo-ludens-at-the-gallery-pallas\/#primaryimage","url":"https:\/\/pallasart.ee\/wp-content\/uploads\/2024\/07\/Pressifoto_Ilmar-Malin.-Autoportree.-1954.-Oli-louend.-Erakogu.jpg","contentUrl":"https:\/\/pallasart.ee\/wp-content\/uploads\/2024\/07\/Pressifoto_Ilmar-Malin.-Autoportree.-1954.-Oli-louend.-Erakogu.jpg"},{"@type":"BreadcrumbList","@id":"https:\/\/pallasart.ee\/en\/ilmar-malin-100-homo-ludens-at-the-gallery-pallas\/#breadcrumb","itemListElement":[{"@type":"ListItem","position":1,"name":"Home","item":"https:\/\/pallasart.ee\/en\/"},{"@type":"ListItem","position":2,"name":"\u201cIlmar Malin 100. Homo Ludens\u201d at the Gallery Pallas"}]},{"@type":"WebSite","@id":"https:\/\/pallasart.ee\/en\/#website","url":"https:\/\/pallasart.ee\/en\/","name":"K\u00f5rgem Kunstikool Pallas","description":"","publisher":{"@id":"https:\/\/pallasart.ee\/en\/#organization"},"potentialAction":[{"@type":"SearchAction","target":{"@type":"EntryPoint","urlTemplate":"https:\/\/pallasart.ee\/en\/?s={search_term_string}"},"query-input":{"@type":"PropertyValueSpecification","valueRequired":true,"valueName":"search_term_string"}}],"inLanguage":"en-US"},{"@type":"Organization","@id":"https:\/\/pallasart.ee\/en\/#organization","name":"K\u00f5rgem Kunstikool Pallas","url":"https:\/\/pallasart.ee\/en\/","logo":{"@type":"ImageObject","inLanguage":"en-US","@id":"https:\/\/pallasart.ee\/en\/#\/schema\/logo\/image\/","url":"https:\/\/pallasart.ee\/wp-content\/uploads\/2020\/02\/pallas-logo.jpg","contentUrl":"https:\/\/pallasart.ee\/wp-content\/uploads\/2020\/02\/pallas-logo.jpg","width":600,"height":246,"caption":"K\u00f5rgem Kunstikool Pallas"},"image":{"@id":"https:\/\/pallasart.ee\/en\/#\/schema\/logo\/image\/"}},{"@type":"Person","@id":"https:\/\/pallasart.ee\/en\/#\/schema\/person\/558a8a98412045731bc68737993053ab","name":"Piret Kaevats","image":{"@type":"ImageObject","inLanguage":"en-US","@id":"https:\/\/secure.gravatar.com\/avatar\/2e238102d4e77df543cf7dbf4b5f6a8a248f5f651820d766c8081118585e3efe?s=96&d=mm&r=g","url":"https:\/\/secure.gravatar.com\/avatar\/2e238102d4e77df543cf7dbf4b5f6a8a248f5f651820d766c8081118585e3efe?s=96&d=mm&r=g","contentUrl":"https:\/\/secure.gravatar.com\/avatar\/2e238102d4e77df543cf7dbf4b5f6a8a248f5f651820d766c8081118585e3efe?s=96&d=mm&r=g","caption":"Piret Kaevats"},"url":"https:\/\/pallasart.ee\/en\/author\/piret-kaevats\/"}]}},"_links":{"self":[{"href":"https:\/\/pallasart.ee\/en\/wp-json\/wp\/v2\/posts\/32362","targetHints":{"allow":["GET"]}}],"collection":[{"href":"https:\/\/pallasart.ee\/en\/wp-json\/wp\/v2\/posts"}],"about":[{"href":"https:\/\/pallasart.ee\/en\/wp-json\/wp\/v2\/types\/post"}],"author":[{"embeddable":true,"href":"https:\/\/pallasart.ee\/en\/wp-json\/wp\/v2\/users\/11"}],"replies":[{"embeddable":true,"href":"https:\/\/pallasart.ee\/en\/wp-json\/wp\/v2\/comments?post=32362"}],"version-history":[{"count":1,"href":"https:\/\/pallasart.ee\/en\/wp-json\/wp\/v2\/posts\/32362\/revisions"}],"predecessor-version":[{"id":32363,"href":"https:\/\/pallasart.ee\/en\/wp-json\/wp\/v2\/posts\/32362\/revisions\/32363"}],"wp:attachment":[{"href":"https:\/\/pallasart.ee\/en\/wp-json\/wp\/v2\/media?parent=32362"}],"curies":[{"name":"wp","href":"https:\/\/api.w.org\/{rel}","templated":true}]}}