{"id":29153,"date":"2024-02-14T10:34:09","date_gmt":"2024-02-14T10:34:09","guid":{"rendered":"https:\/\/pallasart.ee\/?p=29153"},"modified":"2024-02-14T10:34:10","modified_gmt":"2024-02-14T10:34:10","slug":"agnes-muursepp-luisa-greta-vilo-misty-kind-at-gallery-pallas","status":"publish","type":"post","link":"https:\/\/pallasart.ee\/en\/agnes-muursepp-luisa-greta-vilo-misty-kind-at-gallery-pallas\/","title":{"rendered":"Agnes M\u00fc\u00fcrsepp &#038; Luisa Greta Vilo &#8220;Misty Kind&#8221; at gallery Pallas"},"content":{"rendered":"\n<p>Misty Kind. Agnes M\u00fc\u00fcrsepp &amp; Luisa Greta Vilo<br>Gallery Pallas<br>15.02-16.03<br>Vernissage 15.02 at 17.30<br><br>On Thursday, 15th February at 17:30, an exhibition titled \u201cMisty Kind\u201d by Agnes M\u00fc\u00fcrsepp and Luisa Greta Vilo, alumni of the Pallas University of Applied Sciences, will be opened at gallery Pallas .<br><br>The exhibition is the result of the self-reflective and introspective creative process of two photographers. Its main aim is not so much to display finished pieces, but rather to highlight fragments of the working process that reflect different aspects of being an artist such as the search for freedom, testing boundaries, imposter syndrome, and grappling with perfectionism.<br><br>In assembling the exhibition, the artists took it upon themselves to reflect their thoughts and feelings in a notebook in a free form. Quite quickly, common points of contact emerged in both worries and dreams:<br>\u201cWe both have felt how photography can sometimes be a lonely and overly individual process. We wanted to experience whether and how it is possible to share a space behind the camera together. Both of our goals were to break free from the expectations imposed on us and at the same time find new outlets in our work. We found it extremely beneficial to write out all our fears and doubts in order to overcome these monsters of insecurity. On paper, they somehow become ludicrous and small. The antidote that emerged was prioritizing authenticity. If what you do comes from the heart, then all is well.\u201d<br><br>The exhibition will remain open until 16th March.<br><br>More information:<br>Luisa Greta Vilo<br>luisa.greta.vilo@gmail.com<\/p>\n\n\n\n<p>Gallery Pallas<br>galerii@pallasart.ee<br>+3727349954<br>Tue-Sat 11-18<br>Riia 11, Tartu<br>https:\/\/www.facebook.com\/GaleriiPallas<\/p>\n\n\n\n<figure class=\"wp-block-image size-large\"><img loading=\"lazy\" decoding=\"async\" width=\"1024\" height=\"576\" src=\"https:\/\/pallasart.ee\/wp-content\/uploads\/2024\/02\/Udu-pale_Vilo_Muursepp_2024-1024x576.jpg\" alt=\"Agnes M\u00fc\u00fcrsepp &amp; Luisa Greta Vilo\" class=\"wp-image-29147\" srcset=\"https:\/\/pallasart.ee\/wp-content\/uploads\/2024\/02\/Udu-pale_Vilo_Muursepp_2024-1024x576.jpg 1024w, https:\/\/pallasart.ee\/wp-content\/uploads\/2024\/02\/Udu-pale_Vilo_Muursepp_2024-300x169.jpg 300w, https:\/\/pallasart.ee\/wp-content\/uploads\/2024\/02\/Udu-pale_Vilo_Muursepp_2024-768x432.jpg 768w, https:\/\/pallasart.ee\/wp-content\/uploads\/2024\/02\/Udu-pale_Vilo_Muursepp_2024-1536x864.jpg 1536w, https:\/\/pallasart.ee\/wp-content\/uploads\/2024\/02\/Udu-pale_Vilo_Muursepp_2024-2048x1152.jpg 2048w, https:\/\/pallasart.ee\/wp-content\/uploads\/2024\/02\/Udu-pale_Vilo_Muursepp_2024-1067x600.jpg 1067w\" sizes=\"auto, (max-width: 1024px) 100vw, 1024px\" \/><\/figure>\n\n\n\n<p>Photo: Udu pale \/ Misty Kind. Luisa Greta Vilo, Agnes M\u00fc\u00fcrsepp, 2024<\/p>\n","protected":false},"excerpt":{"rendered":"<p>Misty Kind. Agnes M\u00fc\u00fcrsepp &amp; Luisa Greta ViloGallery Pallas15.02-16.03Vernissage 15.02 at 17.30 On Thursday, 15th February at 17:30, an exhibition titled \u201cMisty Kind\u201d by Agnes M\u00fc\u00fcrsepp and Luisa Greta Vilo, alumni of the Pallas University of Applied Sciences, will be opened at gallery Pallas . The exhibition is the result of the self-reflective and introspective [&hellip;]<\/p>\n","protected":false},"author":11,"featured_media":0,"comment_status":"closed","ping_status":"closed","sticky":false,"template":"templates\/content-news.php","format":"standard","meta":{"_acf_changed":false,"footnotes":""},"class_list":["post-29153","post","type-post","status-publish","hentry"],"acf":[],"yoast_head":"<!-- This site is optimized with the Yoast SEO plugin v27.4 - https:\/\/yoast.com\/product\/yoast-seo-wordpress\/ -->\n<title>Agnes M\u00fc\u00fcrsepp &amp; Luisa Greta Vilo &quot;Misty Kind&quot; at gallery Pallas - K\u00f5rgem Kunstikool Pallas<\/title>\n<meta name=\"robots\" content=\"index, follow, max-snippet:-1, max-image-preview:large, max-video-preview:-1\" \/>\n<link rel=\"canonical\" href=\"https:\/\/pallasart.ee\/en\/agnes-muursepp-luisa-greta-vilo-misty-kind-at-gallery-pallas\/\" \/>\n<meta property=\"og:locale\" content=\"en_US\" \/>\n<meta property=\"og:type\" content=\"article\" \/>\n<meta property=\"og:title\" content=\"Agnes M\u00fc\u00fcrsepp &amp; Luisa Greta Vilo &quot;Misty Kind&quot; at gallery Pallas - K\u00f5rgem Kunstikool Pallas\" \/>\n<meta property=\"og:description\" content=\"Misty Kind. Agnes M\u00fc\u00fcrsepp &amp; Luisa Greta ViloGallery Pallas15.02-16.03Vernissage 15.02 at 17.30 On Thursday, 15th February at 17:30, an exhibition titled \u201cMisty Kind\u201d by Agnes M\u00fc\u00fcrsepp and Luisa Greta Vilo, alumni of the Pallas University of Applied Sciences, will be opened at gallery Pallas . The exhibition is the result of the self-reflective and introspective [&hellip;]\" \/>\n<meta property=\"og:url\" content=\"https:\/\/pallasart.ee\/en\/agnes-muursepp-luisa-greta-vilo-misty-kind-at-gallery-pallas\/\" \/>\n<meta property=\"og:site_name\" content=\"K\u00f5rgem Kunstikool Pallas\" \/>\n<meta property=\"article:published_time\" content=\"2024-02-14T10:34:09+00:00\" \/>\n<meta property=\"article:modified_time\" content=\"2024-02-14T10:34:10+00:00\" \/>\n<meta property=\"og:image\" content=\"https:\/\/pallasart.ee\/wp-content\/uploads\/2024\/02\/Udu-pale_Vilo_Muursepp_2024-1024x576.jpg\" \/>\n<meta name=\"author\" content=\"Piret Kaevats\" \/>\n<meta name=\"twitter:card\" content=\"summary_large_image\" \/>\n<meta name=\"twitter:label1\" content=\"Written by\" \/>\n\t<meta name=\"twitter:data1\" content=\"Piret Kaevats\" \/>\n\t<meta name=\"twitter:label2\" content=\"Est. reading time\" \/>\n\t<meta name=\"twitter:data2\" content=\"2 minutes\" \/>\n<script type=\"application\/ld+json\" class=\"yoast-schema-graph\">{\"@context\":\"https:\\\/\\\/schema.org\",\"@graph\":[{\"@type\":\"Article\",\"@id\":\"https:\\\/\\\/pallasart.ee\\\/en\\\/agnes-muursepp-luisa-greta-vilo-misty-kind-at-gallery-pallas\\\/#article\",\"isPartOf\":{\"@id\":\"https:\\\/\\\/pallasart.ee\\\/en\\\/agnes-muursepp-luisa-greta-vilo-misty-kind-at-gallery-pallas\\\/\"},\"author\":{\"name\":\"Piret Kaevats\",\"@id\":\"https:\\\/\\\/pallasart.ee\\\/en\\\/#\\\/schema\\\/person\\\/558a8a98412045731bc68737993053ab\"},\"headline\":\"Agnes M\u00fc\u00fcrsepp &#038; Luisa Greta Vilo &#8220;Misty Kind&#8221; at gallery Pallas\",\"datePublished\":\"2024-02-14T10:34:09+00:00\",\"dateModified\":\"2024-02-14T10:34:10+00:00\",\"mainEntityOfPage\":{\"@id\":\"https:\\\/\\\/pallasart.ee\\\/en\\\/agnes-muursepp-luisa-greta-vilo-misty-kind-at-gallery-pallas\\\/\"},\"wordCount\":294,\"publisher\":{\"@id\":\"https:\\\/\\\/pallasart.ee\\\/en\\\/#organization\"},\"image\":{\"@id\":\"https:\\\/\\\/pallasart.ee\\\/en\\\/agnes-muursepp-luisa-greta-vilo-misty-kind-at-gallery-pallas\\\/#primaryimage\"},\"thumbnailUrl\":\"https:\\\/\\\/pallasart.ee\\\/wp-content\\\/uploads\\\/2024\\\/02\\\/Udu-pale_Vilo_Muursepp_2024-1024x576.jpg\",\"inLanguage\":\"en-US\"},{\"@type\":\"WebPage\",\"@id\":\"https:\\\/\\\/pallasart.ee\\\/en\\\/agnes-muursepp-luisa-greta-vilo-misty-kind-at-gallery-pallas\\\/\",\"url\":\"https:\\\/\\\/pallasart.ee\\\/en\\\/agnes-muursepp-luisa-greta-vilo-misty-kind-at-gallery-pallas\\\/\",\"name\":\"Agnes M\u00fc\u00fcrsepp & Luisa Greta Vilo \\\"Misty Kind\\\" at gallery Pallas - K\u00f5rgem Kunstikool Pallas\",\"isPartOf\":{\"@id\":\"https:\\\/\\\/pallasart.ee\\\/en\\\/#website\"},\"primaryImageOfPage\":{\"@id\":\"https:\\\/\\\/pallasart.ee\\\/en\\\/agnes-muursepp-luisa-greta-vilo-misty-kind-at-gallery-pallas\\\/#primaryimage\"},\"image\":{\"@id\":\"https:\\\/\\\/pallasart.ee\\\/en\\\/agnes-muursepp-luisa-greta-vilo-misty-kind-at-gallery-pallas\\\/#primaryimage\"},\"thumbnailUrl\":\"https:\\\/\\\/pallasart.ee\\\/wp-content\\\/uploads\\\/2024\\\/02\\\/Udu-pale_Vilo_Muursepp_2024-1024x576.jpg\",\"datePublished\":\"2024-02-14T10:34:09+00:00\",\"dateModified\":\"2024-02-14T10:34:10+00:00\",\"breadcrumb\":{\"@id\":\"https:\\\/\\\/pallasart.ee\\\/en\\\/agnes-muursepp-luisa-greta-vilo-misty-kind-at-gallery-pallas\\\/#breadcrumb\"},\"inLanguage\":\"en-US\",\"potentialAction\":[{\"@type\":\"ReadAction\",\"target\":[\"https:\\\/\\\/pallasart.ee\\\/en\\\/agnes-muursepp-luisa-greta-vilo-misty-kind-at-gallery-pallas\\\/\"]}]},{\"@type\":\"ImageObject\",\"inLanguage\":\"en-US\",\"@id\":\"https:\\\/\\\/pallasart.ee\\\/en\\\/agnes-muursepp-luisa-greta-vilo-misty-kind-at-gallery-pallas\\\/#primaryimage\",\"url\":\"https:\\\/\\\/pallasart.ee\\\/wp-content\\\/uploads\\\/2024\\\/02\\\/Udu-pale_Vilo_Muursepp_2024-1024x576.jpg\",\"contentUrl\":\"https:\\\/\\\/pallasart.ee\\\/wp-content\\\/uploads\\\/2024\\\/02\\\/Udu-pale_Vilo_Muursepp_2024-1024x576.jpg\"},{\"@type\":\"BreadcrumbList\",\"@id\":\"https:\\\/\\\/pallasart.ee\\\/en\\\/agnes-muursepp-luisa-greta-vilo-misty-kind-at-gallery-pallas\\\/#breadcrumb\",\"itemListElement\":[{\"@type\":\"ListItem\",\"position\":1,\"name\":\"Home\",\"item\":\"https:\\\/\\\/pallasart.ee\\\/en\\\/\"},{\"@type\":\"ListItem\",\"position\":2,\"name\":\"Agnes M\u00fc\u00fcrsepp &#038; Luisa Greta Vilo &#8220;Misty Kind&#8221; at gallery Pallas\"}]},{\"@type\":\"WebSite\",\"@id\":\"https:\\\/\\\/pallasart.ee\\\/en\\\/#website\",\"url\":\"https:\\\/\\\/pallasart.ee\\\/en\\\/\",\"name\":\"K\u00f5rgem Kunstikool Pallas\",\"description\":\"\",\"publisher\":{\"@id\":\"https:\\\/\\\/pallasart.ee\\\/en\\\/#organization\"},\"potentialAction\":[{\"@type\":\"SearchAction\",\"target\":{\"@type\":\"EntryPoint\",\"urlTemplate\":\"https:\\\/\\\/pallasart.ee\\\/en\\\/?s={search_term_string}\"},\"query-input\":{\"@type\":\"PropertyValueSpecification\",\"valueRequired\":true,\"valueName\":\"search_term_string\"}}],\"inLanguage\":\"en-US\"},{\"@type\":\"Organization\",\"@id\":\"https:\\\/\\\/pallasart.ee\\\/en\\\/#organization\",\"name\":\"K\u00f5rgem Kunstikool Pallas\",\"url\":\"https:\\\/\\\/pallasart.ee\\\/en\\\/\",\"logo\":{\"@type\":\"ImageObject\",\"inLanguage\":\"en-US\",\"@id\":\"https:\\\/\\\/pallasart.ee\\\/en\\\/#\\\/schema\\\/logo\\\/image\\\/\",\"url\":\"https:\\\/\\\/pallasart.ee\\\/wp-content\\\/uploads\\\/2020\\\/02\\\/pallas-logo.jpg\",\"contentUrl\":\"https:\\\/\\\/pallasart.ee\\\/wp-content\\\/uploads\\\/2020\\\/02\\\/pallas-logo.jpg\",\"width\":600,\"height\":246,\"caption\":\"K\u00f5rgem Kunstikool Pallas\"},\"image\":{\"@id\":\"https:\\\/\\\/pallasart.ee\\\/en\\\/#\\\/schema\\\/logo\\\/image\\\/\"}},{\"@type\":\"Person\",\"@id\":\"https:\\\/\\\/pallasart.ee\\\/en\\\/#\\\/schema\\\/person\\\/558a8a98412045731bc68737993053ab\",\"name\":\"Piret Kaevats\",\"image\":{\"@type\":\"ImageObject\",\"inLanguage\":\"en-US\",\"@id\":\"https:\\\/\\\/secure.gravatar.com\\\/avatar\\\/2e238102d4e77df543cf7dbf4b5f6a8a248f5f651820d766c8081118585e3efe?s=96&d=mm&r=g\",\"url\":\"https:\\\/\\\/secure.gravatar.com\\\/avatar\\\/2e238102d4e77df543cf7dbf4b5f6a8a248f5f651820d766c8081118585e3efe?s=96&d=mm&r=g\",\"contentUrl\":\"https:\\\/\\\/secure.gravatar.com\\\/avatar\\\/2e238102d4e77df543cf7dbf4b5f6a8a248f5f651820d766c8081118585e3efe?s=96&d=mm&r=g\",\"caption\":\"Piret Kaevats\"},\"url\":\"https:\\\/\\\/pallasart.ee\\\/en\\\/author\\\/piret-kaevats\\\/\"}]}<\/script>\n<!-- \/ Yoast SEO plugin. -->","yoast_head_json":{"title":"Agnes M\u00fc\u00fcrsepp & Luisa Greta Vilo \"Misty Kind\" at gallery Pallas - K\u00f5rgem Kunstikool Pallas","robots":{"index":"index","follow":"follow","max-snippet":"max-snippet:-1","max-image-preview":"max-image-preview:large","max-video-preview":"max-video-preview:-1"},"canonical":"https:\/\/pallasart.ee\/en\/agnes-muursepp-luisa-greta-vilo-misty-kind-at-gallery-pallas\/","og_locale":"en_US","og_type":"article","og_title":"Agnes M\u00fc\u00fcrsepp & Luisa Greta Vilo \"Misty Kind\" at gallery Pallas - K\u00f5rgem Kunstikool Pallas","og_description":"Misty Kind. Agnes M\u00fc\u00fcrsepp &amp; Luisa Greta ViloGallery Pallas15.02-16.03Vernissage 15.02 at 17.30 On Thursday, 15th February at 17:30, an exhibition titled \u201cMisty Kind\u201d by Agnes M\u00fc\u00fcrsepp and Luisa Greta Vilo, alumni of the Pallas University of Applied Sciences, will be opened at gallery Pallas . The exhibition is the result of the self-reflective and introspective [&hellip;]","og_url":"https:\/\/pallasart.ee\/en\/agnes-muursepp-luisa-greta-vilo-misty-kind-at-gallery-pallas\/","og_site_name":"K\u00f5rgem Kunstikool Pallas","article_published_time":"2024-02-14T10:34:09+00:00","article_modified_time":"2024-02-14T10:34:10+00:00","og_image":[{"url":"https:\/\/pallasart.ee\/wp-content\/uploads\/2024\/02\/Udu-pale_Vilo_Muursepp_2024-1024x576.jpg","type":"","width":"","height":""}],"author":"Piret Kaevats","twitter_card":"summary_large_image","twitter_misc":{"Written by":"Piret Kaevats","Est. reading time":"2 minutes"},"schema":{"@context":"https:\/\/schema.org","@graph":[{"@type":"Article","@id":"https:\/\/pallasart.ee\/en\/agnes-muursepp-luisa-greta-vilo-misty-kind-at-gallery-pallas\/#article","isPartOf":{"@id":"https:\/\/pallasart.ee\/en\/agnes-muursepp-luisa-greta-vilo-misty-kind-at-gallery-pallas\/"},"author":{"name":"Piret Kaevats","@id":"https:\/\/pallasart.ee\/en\/#\/schema\/person\/558a8a98412045731bc68737993053ab"},"headline":"Agnes M\u00fc\u00fcrsepp &#038; Luisa Greta Vilo &#8220;Misty Kind&#8221; at gallery Pallas","datePublished":"2024-02-14T10:34:09+00:00","dateModified":"2024-02-14T10:34:10+00:00","mainEntityOfPage":{"@id":"https:\/\/pallasart.ee\/en\/agnes-muursepp-luisa-greta-vilo-misty-kind-at-gallery-pallas\/"},"wordCount":294,"publisher":{"@id":"https:\/\/pallasart.ee\/en\/#organization"},"image":{"@id":"https:\/\/pallasart.ee\/en\/agnes-muursepp-luisa-greta-vilo-misty-kind-at-gallery-pallas\/#primaryimage"},"thumbnailUrl":"https:\/\/pallasart.ee\/wp-content\/uploads\/2024\/02\/Udu-pale_Vilo_Muursepp_2024-1024x576.jpg","inLanguage":"en-US"},{"@type":"WebPage","@id":"https:\/\/pallasart.ee\/en\/agnes-muursepp-luisa-greta-vilo-misty-kind-at-gallery-pallas\/","url":"https:\/\/pallasart.ee\/en\/agnes-muursepp-luisa-greta-vilo-misty-kind-at-gallery-pallas\/","name":"Agnes M\u00fc\u00fcrsepp & Luisa Greta Vilo \"Misty Kind\" at gallery Pallas - K\u00f5rgem Kunstikool Pallas","isPartOf":{"@id":"https:\/\/pallasart.ee\/en\/#website"},"primaryImageOfPage":{"@id":"https:\/\/pallasart.ee\/en\/agnes-muursepp-luisa-greta-vilo-misty-kind-at-gallery-pallas\/#primaryimage"},"image":{"@id":"https:\/\/pallasart.ee\/en\/agnes-muursepp-luisa-greta-vilo-misty-kind-at-gallery-pallas\/#primaryimage"},"thumbnailUrl":"https:\/\/pallasart.ee\/wp-content\/uploads\/2024\/02\/Udu-pale_Vilo_Muursepp_2024-1024x576.jpg","datePublished":"2024-02-14T10:34:09+00:00","dateModified":"2024-02-14T10:34:10+00:00","breadcrumb":{"@id":"https:\/\/pallasart.ee\/en\/agnes-muursepp-luisa-greta-vilo-misty-kind-at-gallery-pallas\/#breadcrumb"},"inLanguage":"en-US","potentialAction":[{"@type":"ReadAction","target":["https:\/\/pallasart.ee\/en\/agnes-muursepp-luisa-greta-vilo-misty-kind-at-gallery-pallas\/"]}]},{"@type":"ImageObject","inLanguage":"en-US","@id":"https:\/\/pallasart.ee\/en\/agnes-muursepp-luisa-greta-vilo-misty-kind-at-gallery-pallas\/#primaryimage","url":"https:\/\/pallasart.ee\/wp-content\/uploads\/2024\/02\/Udu-pale_Vilo_Muursepp_2024-1024x576.jpg","contentUrl":"https:\/\/pallasart.ee\/wp-content\/uploads\/2024\/02\/Udu-pale_Vilo_Muursepp_2024-1024x576.jpg"},{"@type":"BreadcrumbList","@id":"https:\/\/pallasart.ee\/en\/agnes-muursepp-luisa-greta-vilo-misty-kind-at-gallery-pallas\/#breadcrumb","itemListElement":[{"@type":"ListItem","position":1,"name":"Home","item":"https:\/\/pallasart.ee\/en\/"},{"@type":"ListItem","position":2,"name":"Agnes M\u00fc\u00fcrsepp &#038; Luisa Greta Vilo &#8220;Misty Kind&#8221; at gallery Pallas"}]},{"@type":"WebSite","@id":"https:\/\/pallasart.ee\/en\/#website","url":"https:\/\/pallasart.ee\/en\/","name":"K\u00f5rgem Kunstikool Pallas","description":"","publisher":{"@id":"https:\/\/pallasart.ee\/en\/#organization"},"potentialAction":[{"@type":"SearchAction","target":{"@type":"EntryPoint","urlTemplate":"https:\/\/pallasart.ee\/en\/?s={search_term_string}"},"query-input":{"@type":"PropertyValueSpecification","valueRequired":true,"valueName":"search_term_string"}}],"inLanguage":"en-US"},{"@type":"Organization","@id":"https:\/\/pallasart.ee\/en\/#organization","name":"K\u00f5rgem Kunstikool Pallas","url":"https:\/\/pallasart.ee\/en\/","logo":{"@type":"ImageObject","inLanguage":"en-US","@id":"https:\/\/pallasart.ee\/en\/#\/schema\/logo\/image\/","url":"https:\/\/pallasart.ee\/wp-content\/uploads\/2020\/02\/pallas-logo.jpg","contentUrl":"https:\/\/pallasart.ee\/wp-content\/uploads\/2020\/02\/pallas-logo.jpg","width":600,"height":246,"caption":"K\u00f5rgem Kunstikool Pallas"},"image":{"@id":"https:\/\/pallasart.ee\/en\/#\/schema\/logo\/image\/"}},{"@type":"Person","@id":"https:\/\/pallasart.ee\/en\/#\/schema\/person\/558a8a98412045731bc68737993053ab","name":"Piret Kaevats","image":{"@type":"ImageObject","inLanguage":"en-US","@id":"https:\/\/secure.gravatar.com\/avatar\/2e238102d4e77df543cf7dbf4b5f6a8a248f5f651820d766c8081118585e3efe?s=96&d=mm&r=g","url":"https:\/\/secure.gravatar.com\/avatar\/2e238102d4e77df543cf7dbf4b5f6a8a248f5f651820d766c8081118585e3efe?s=96&d=mm&r=g","contentUrl":"https:\/\/secure.gravatar.com\/avatar\/2e238102d4e77df543cf7dbf4b5f6a8a248f5f651820d766c8081118585e3efe?s=96&d=mm&r=g","caption":"Piret Kaevats"},"url":"https:\/\/pallasart.ee\/en\/author\/piret-kaevats\/"}]}},"_links":{"self":[{"href":"https:\/\/pallasart.ee\/en\/wp-json\/wp\/v2\/posts\/29153","targetHints":{"allow":["GET"]}}],"collection":[{"href":"https:\/\/pallasart.ee\/en\/wp-json\/wp\/v2\/posts"}],"about":[{"href":"https:\/\/pallasart.ee\/en\/wp-json\/wp\/v2\/types\/post"}],"author":[{"embeddable":true,"href":"https:\/\/pallasart.ee\/en\/wp-json\/wp\/v2\/users\/11"}],"replies":[{"embeddable":true,"href":"https:\/\/pallasart.ee\/en\/wp-json\/wp\/v2\/comments?post=29153"}],"version-history":[{"count":1,"href":"https:\/\/pallasart.ee\/en\/wp-json\/wp\/v2\/posts\/29153\/revisions"}],"predecessor-version":[{"id":29154,"href":"https:\/\/pallasart.ee\/en\/wp-json\/wp\/v2\/posts\/29153\/revisions\/29154"}],"wp:attachment":[{"href":"https:\/\/pallasart.ee\/en\/wp-json\/wp\/v2\/media?parent=29153"}],"curies":[{"name":"wp","href":"https:\/\/api.w.org\/{rel}","templated":true}]}}