{"id":24198,"date":"2023-02-13T18:50:34","date_gmt":"2023-02-13T18:50:34","guid":{"rendered":"https:\/\/pallasart.ee\/?p=24198"},"modified":"2023-02-13T18:50:36","modified_gmt":"2023-02-13T18:50:36","slug":"department-of-leather-design-presents-international-exhibition-with-or-without-leather-at-gallery-pallas","status":"publish","type":"post","link":"https:\/\/pallasart.ee\/en\/department-of-leather-design-presents-international-exhibition-with-or-without-leather-at-gallery-pallas\/","title":{"rendered":"Department of Leather Design presents: international exhibition &#8220;WITH OR WITHOUT LEATHER\u201d at Gallery Pallas"},"content":{"rendered":"\n<p class=\"wp-block-paragraph\">The Department of Leather Design at Pallas University of Applied Sciences presents &#8211; international exhibition \u201cNAHAGA V\u00d5I NAHATA\/ WITH OR WITHOUT LEATHER\u201d opens its doors to visitors on February 16th at 18:00 at Gallery Pallas.<\/p>\n\n\n\n<p class=\"wp-block-paragraph\">The exhibition, which runs through all three floors of Gallery Pallas, introduces contemporary and versatile works made during leather studies by students and graduates from Estonia &#8211; Pallas University of Applied Sciences, Estonian Academy of Arts and UT Viljandi Culture Academy &#8211; as well as Latvia and Lithuania &#8211; Riga School of Design and Art and Kaunas University of Applied Sciences.<\/p>\n\n\n\n<p class=\"wp-block-paragraph\">In the exhibited works tradition and innovation are intertwined. With the development of technology many new materials have been made that offer alternatives to leather. The usage of those materials is only expanding. More and more opportunities are being introduced and experimented with in the learning process. When using natural leather in its beauty, safety and practicality is usual, then this time the visitors are invited to think along about the strength, durability and sustainability of alternative materials.<\/p>\n\n\n\n<p class=\"wp-block-paragraph\">The visitors can see the preferences of the creators &#8211; what are the most popular material choices &#8211; colourful chrome tanned leathers, vegetable tanned leathers or alternative materials.<\/p>\n\n\n\n<p class=\"wp-block-paragraph\">The following events will take place during the exhibition:<\/p>\n\n\n\n<p class=\"wp-block-paragraph\">Sat 18.02 at 12:00-13:30 curator\u2019s tour with Tiina Karu, leather design lecturer at Pallas University of Applied Sciences, and Jaanika Leiter, a 3rd year student.<\/p>\n\n\n\n<p class=\"wp-block-paragraph\">Wed 01.03 at 16.30-18.00 on Pallas\u2019 Open Doors Day, a curator\u2019s tour with Jaanika Leiter, a 3rd year student, Gerli Kelt and Kerttu Rebane, 4th year students.<\/p>\n\n\n\n<p class=\"wp-block-paragraph\">Tue 14.03 at 16.00-18.00 discussion with leather designer Stella Soomlais on the topic \u201cThe possibility of circular design in leather design\u201d, led by Tiina Karu, Leather Design lecturer at Pallas University of Applied Sciences, Kerttu Rebane, 4th year student, and Jaanika Leiter, a 3rd year student.<\/p>\n\n\n\n<p class=\"wp-block-paragraph\">Sat 18.03 at 12.00-13.30 curator\u2019s tour with Tiina Karu, Leather Design lecturer at Pallas University of Applied Sciences, and Helen Strom, a 4th year student.<\/p>\n\n\n\n<p class=\"wp-block-paragraph\">Participants of the exhibition: Gerli Kelt, Grete Prost-K\u00e4ngsepp, Helen Strom, Birgit Peerna, Kerli Otsa, Kerttu Rebane, Anzela Sirel, Gregor Kiin, Merilin Kask, Regita Lepla, Helen-Mary Vart\u0161un, Janika Autor, Helen Vetik, Dhana Vaimann, Kerli J\u00f5gi, Moolen Veering, Jaanika Leiter, Liis Tisler, Rita Volkov, Julia Korovina, Anni Vallsalu, Maria Rojko Nisu, Kerli Valter, Heidy Kohv, Helina Raud, Hanna Eliise Lahe, Anari V\u00e4strik, J\u00fcrgen Sinnep, Angela Aavik, Katarina Tallermo, Janika Solmann, Tiiu K\u00e4ngsepp-Prost, Ene Koppelmann, Kristi Everst, Signe Lintrop, Katre M\u00e4gi, Taive Peedosaar , Made Uus, Kristina Rajando, Marta Laure, Agnese Upmale, Lu\u012bze P\u0113tersone, Oto Bulats, Ortija Jaunsleine, Daniels Ko\u010dkins, M\u0101rti\u0146s Me\u017eulis, Anete Sni\u0137ere, Sindija Step\u0101ne, Margareta Svikule-Cigelniece,<\/p>\n\n\n\n<p class=\"wp-block-paragraph\">Ugn\u0117 Pa\u0161kevi\u010di\u016bt\u0117, Jolita Jaciunskien\u0117, Sandra Vinskait\u0117, Laura Poderyt\u0117, Agn\u0117 Juozulynait\u0117, Ieva Kaselyt\u0117, Ugn\u0117 Valionyt\u0117, Migl\u0117 Valuntien\u0117, Dovil\u0117 Kazlauskait\u0117, Egl\u0117 Go\u0161tautien\u0117, Dovil\u0117 Kazlauskait\u0117, Egl\u0117 Rent\u0117, Sandra Kesnauskaite, Gintar\u0117 Anu\u017e\u0117.<\/p>\n\n\n\n<p class=\"wp-block-paragraph\">The exhibition project is completed in cooperation with students from the 3rd and 4th year of the Leather Design and Restoration Department at Pallas University of Applied Sciences under the supervision of lecturer Tiina Karu.<\/p>\n\n\n\n<p class=\"wp-block-paragraph\">The joint exhibition of leather students from Estonia, Latvia and Lithuania will remain open at Gallery Pallas until March 18, 2023.<\/p>\n\n\n\n<p class=\"wp-block-paragraph\">Additional information:<\/p>\n\n\n\n<p class=\"wp-block-paragraph\">Tiina Karu<br>Lecturer at Pallas University of Applied Sciences<br>Phone +372 5285574 <br>tiina.karu@pallasart.ee<\/p>\n\n\n\n<p class=\"wp-block-paragraph\">GalleryPallas <br>galerii@pallasart.ee<br>+372 734 9954<br>Tu-Sa 11-18, Riia 11, Tartu<br>facebook.com\/GaleriiPallas<\/p>\n\n\n\n<p class=\"wp-block-paragraph\"><\/p>\n\n\n\n<figure class=\"wp-block-image size-full\"><img loading=\"lazy\" decoding=\"async\" width=\"700\" height=\"990\" src=\"https:\/\/pallasart.ee\/wp-content\/uploads\/2023\/02\/Plakat.-Nahaga-voi-nahata.png\" alt=\"\" class=\"wp-image-24189\" srcset=\"https:\/\/pallasart.ee\/wp-content\/uploads\/2023\/02\/Plakat.-Nahaga-voi-nahata.png 700w, https:\/\/pallasart.ee\/wp-content\/uploads\/2023\/02\/Plakat.-Nahaga-voi-nahata-212x300.png 212w, https:\/\/pallasart.ee\/wp-content\/uploads\/2023\/02\/Plakat.-Nahaga-voi-nahata-424x600.png 424w\" sizes=\"auto, (max-width: 700px) 100vw, 700px\" \/><\/figure>\n\n\n\n<p class=\"wp-block-paragraph\"><em>Coverphoto Moolen Veering. 2022.<\/em><\/p>\n\n\n\n<p class=\"wp-block-paragraph\"><em>13.02.2023<\/em><\/p>\n","protected":false},"excerpt":{"rendered":"<p>The Department of Leather Design at Pallas University of Applied Sciences presents &#8211; international exhibition \u201cNAHAGA V\u00d5I NAHATA\/ WITH OR WITHOUT LEATHER\u201d opens its doors to visitors on February 16th at 18:00 at Gallery Pallas. The exhibition, which runs through all three floors of Gallery Pallas, introduces contemporary and versatile works made during leather studies [&hellip;]<\/p>\n","protected":false},"author":11,"featured_media":0,"comment_status":"closed","ping_status":"closed","sticky":false,"template":"templates\/content-news.php","format":"standard","meta":{"_acf_changed":false,"footnotes":""},"class_list":["post-24198","post","type-post","status-publish","hentry"],"acf":[],"yoast_head":"<!-- This site is optimized with the Yoast SEO plugin v28.3 - https:\/\/yoast.com\/product\/yoast-seo-wordpress\/ -->\n<title>Department of Leather Design presents: international exhibition &quot;WITH OR WITHOUT LEATHER\u201d at Gallery Pallas - K\u00f5rgem Kunstikool Pallas<\/title>\n<meta name=\"robots\" content=\"index, follow, max-snippet:-1, max-image-preview:large, max-video-preview:-1\" \/>\n<link rel=\"canonical\" href=\"https:\/\/pallasart.ee\/en\/department-of-leather-design-presents-international-exhibition-with-or-without-leather-at-gallery-pallas\/\" \/>\n<meta property=\"og:locale\" content=\"en_US\" \/>\n<meta property=\"og:type\" content=\"article\" \/>\n<meta property=\"og:title\" content=\"Department of Leather Design presents: international exhibition &quot;WITH OR WITHOUT LEATHER\u201d at Gallery Pallas - K\u00f5rgem Kunstikool Pallas\" \/>\n<meta property=\"og:description\" content=\"The Department of Leather Design at Pallas University of Applied Sciences presents &#8211; international exhibition \u201cNAHAGA V\u00d5I NAHATA\/ WITH OR WITHOUT LEATHER\u201d opens its doors to visitors on February 16th at 18:00 at Gallery Pallas. The exhibition, which runs through all three floors of Gallery Pallas, introduces contemporary and versatile works made during leather studies [&hellip;]\" \/>\n<meta property=\"og:url\" content=\"https:\/\/pallasart.ee\/en\/department-of-leather-design-presents-international-exhibition-with-or-without-leather-at-gallery-pallas\/\" \/>\n<meta property=\"og:site_name\" content=\"K\u00f5rgem Kunstikool Pallas\" \/>\n<meta property=\"article:published_time\" content=\"2023-02-13T18:50:34+00:00\" \/>\n<meta property=\"article:modified_time\" content=\"2023-02-13T18:50:36+00:00\" \/>\n<meta property=\"og:image\" content=\"https:\/\/pallasart.ee\/wp-content\/uploads\/2023\/02\/Plakat.-Nahaga-voi-nahata.png\" \/>\n<meta name=\"author\" content=\"Piret Kaevats\" \/>\n<meta name=\"twitter:card\" content=\"summary_large_image\" \/>\n<meta name=\"twitter:label1\" content=\"Written by\" \/>\n\t<meta name=\"twitter:data1\" content=\"Piret Kaevats\" \/>\n\t<meta name=\"twitter:label2\" content=\"Est. reading time\" \/>\n\t<meta name=\"twitter:data2\" content=\"4 minutes\" \/>\n<script type=\"application\/ld+json\" class=\"yoast-schema-graph\">{\"@context\":\"https:\\\/\\\/schema.org\",\"@graph\":[{\"@type\":\"Article\",\"@id\":\"https:\\\/\\\/pallasart.ee\\\/en\\\/department-of-leather-design-presents-international-exhibition-with-or-without-leather-at-gallery-pallas\\\/#article\",\"isPartOf\":{\"@id\":\"https:\\\/\\\/pallasart.ee\\\/en\\\/department-of-leather-design-presents-international-exhibition-with-or-without-leather-at-gallery-pallas\\\/\"},\"author\":{\"name\":\"Piret Kaevats\",\"@id\":\"https:\\\/\\\/pallasart.ee\\\/en\\\/#\\\/schema\\\/person\\\/558a8a98412045731bc68737993053ab\"},\"headline\":\"Department of Leather Design presents: international exhibition &#8220;WITH OR WITHOUT LEATHER\u201d at Gallery Pallas\",\"datePublished\":\"2023-02-13T18:50:34+00:00\",\"dateModified\":\"2023-02-13T18:50:36+00:00\",\"mainEntityOfPage\":{\"@id\":\"https:\\\/\\\/pallasart.ee\\\/en\\\/department-of-leather-design-presents-international-exhibition-with-or-without-leather-at-gallery-pallas\\\/\"},\"wordCount\":579,\"publisher\":{\"@id\":\"https:\\\/\\\/pallasart.ee\\\/en\\\/#organization\"},\"image\":{\"@id\":\"https:\\\/\\\/pallasart.ee\\\/en\\\/department-of-leather-design-presents-international-exhibition-with-or-without-leather-at-gallery-pallas\\\/#primaryimage\"},\"thumbnailUrl\":\"https:\\\/\\\/pallasart.ee\\\/wp-content\\\/uploads\\\/2023\\\/02\\\/Plakat.-Nahaga-voi-nahata.png\",\"inLanguage\":\"en-US\"},{\"@type\":\"WebPage\",\"@id\":\"https:\\\/\\\/pallasart.ee\\\/en\\\/department-of-leather-design-presents-international-exhibition-with-or-without-leather-at-gallery-pallas\\\/\",\"url\":\"https:\\\/\\\/pallasart.ee\\\/en\\\/department-of-leather-design-presents-international-exhibition-with-or-without-leather-at-gallery-pallas\\\/\",\"name\":\"Department of Leather Design presents: international exhibition \\\"WITH OR WITHOUT LEATHER\u201d at Gallery Pallas - K\u00f5rgem Kunstikool Pallas\",\"isPartOf\":{\"@id\":\"https:\\\/\\\/pallasart.ee\\\/en\\\/#website\"},\"primaryImageOfPage\":{\"@id\":\"https:\\\/\\\/pallasart.ee\\\/en\\\/department-of-leather-design-presents-international-exhibition-with-or-without-leather-at-gallery-pallas\\\/#primaryimage\"},\"image\":{\"@id\":\"https:\\\/\\\/pallasart.ee\\\/en\\\/department-of-leather-design-presents-international-exhibition-with-or-without-leather-at-gallery-pallas\\\/#primaryimage\"},\"thumbnailUrl\":\"https:\\\/\\\/pallasart.ee\\\/wp-content\\\/uploads\\\/2023\\\/02\\\/Plakat.-Nahaga-voi-nahata.png\",\"datePublished\":\"2023-02-13T18:50:34+00:00\",\"dateModified\":\"2023-02-13T18:50:36+00:00\",\"breadcrumb\":{\"@id\":\"https:\\\/\\\/pallasart.ee\\\/en\\\/department-of-leather-design-presents-international-exhibition-with-or-without-leather-at-gallery-pallas\\\/#breadcrumb\"},\"inLanguage\":\"en-US\",\"potentialAction\":[{\"@type\":\"ReadAction\",\"target\":[\"https:\\\/\\\/pallasart.ee\\\/en\\\/department-of-leather-design-presents-international-exhibition-with-or-without-leather-at-gallery-pallas\\\/\"]}]},{\"@type\":\"ImageObject\",\"inLanguage\":\"en-US\",\"@id\":\"https:\\\/\\\/pallasart.ee\\\/en\\\/department-of-leather-design-presents-international-exhibition-with-or-without-leather-at-gallery-pallas\\\/#primaryimage\",\"url\":\"https:\\\/\\\/pallasart.ee\\\/wp-content\\\/uploads\\\/2023\\\/02\\\/Plakat.-Nahaga-voi-nahata.png\",\"contentUrl\":\"https:\\\/\\\/pallasart.ee\\\/wp-content\\\/uploads\\\/2023\\\/02\\\/Plakat.-Nahaga-voi-nahata.png\"},{\"@type\":\"BreadcrumbList\",\"@id\":\"https:\\\/\\\/pallasart.ee\\\/en\\\/department-of-leather-design-presents-international-exhibition-with-or-without-leather-at-gallery-pallas\\\/#breadcrumb\",\"itemListElement\":[{\"@type\":\"ListItem\",\"position\":1,\"name\":\"Home\",\"item\":\"https:\\\/\\\/pallasart.ee\\\/en\\\/\"},{\"@type\":\"ListItem\",\"position\":2,\"name\":\"Department of Leather Design presents: international exhibition &#8220;WITH OR WITHOUT LEATHER\u201d at Gallery Pallas\"}]},{\"@type\":\"WebSite\",\"@id\":\"https:\\\/\\\/pallasart.ee\\\/en\\\/#website\",\"url\":\"https:\\\/\\\/pallasart.ee\\\/en\\\/\",\"name\":\"K\u00f5rgem Kunstikool Pallas\",\"description\":\"\",\"publisher\":{\"@id\":\"https:\\\/\\\/pallasart.ee\\\/en\\\/#organization\"},\"potentialAction\":[{\"@type\":\"SearchAction\",\"target\":{\"@type\":\"EntryPoint\",\"urlTemplate\":\"https:\\\/\\\/pallasart.ee\\\/en\\\/?s={search_term_string}\"},\"query-input\":{\"@type\":\"PropertyValueSpecification\",\"valueRequired\":true,\"valueName\":\"search_term_string\"}}],\"inLanguage\":\"en-US\"},{\"@type\":\"Organization\",\"@id\":\"https:\\\/\\\/pallasart.ee\\\/en\\\/#organization\",\"name\":\"K\u00f5rgem Kunstikool Pallas\",\"url\":\"https:\\\/\\\/pallasart.ee\\\/en\\\/\",\"logo\":{\"@type\":\"ImageObject\",\"inLanguage\":\"en-US\",\"@id\":\"https:\\\/\\\/pallasart.ee\\\/en\\\/#\\\/schema\\\/logo\\\/image\\\/\",\"url\":\"https:\\\/\\\/pallasart.ee\\\/wp-content\\\/uploads\\\/2020\\\/02\\\/pallas-logo.jpg\",\"contentUrl\":\"https:\\\/\\\/pallasart.ee\\\/wp-content\\\/uploads\\\/2020\\\/02\\\/pallas-logo.jpg\",\"width\":600,\"height\":246,\"caption\":\"K\u00f5rgem Kunstikool Pallas\"},\"image\":{\"@id\":\"https:\\\/\\\/pallasart.ee\\\/en\\\/#\\\/schema\\\/logo\\\/image\\\/\"}},{\"@type\":\"Person\",\"@id\":\"https:\\\/\\\/pallasart.ee\\\/en\\\/#\\\/schema\\\/person\\\/558a8a98412045731bc68737993053ab\",\"name\":\"Piret Kaevats\",\"image\":{\"@type\":\"ImageObject\",\"inLanguage\":\"en-US\",\"@id\":\"https:\\\/\\\/secure.gravatar.com\\\/avatar\\\/2e238102d4e77df543cf7dbf4b5f6a8a248f5f651820d766c8081118585e3efe?s=96&d=mm&r=g\",\"url\":\"https:\\\/\\\/secure.gravatar.com\\\/avatar\\\/2e238102d4e77df543cf7dbf4b5f6a8a248f5f651820d766c8081118585e3efe?s=96&d=mm&r=g\",\"contentUrl\":\"https:\\\/\\\/secure.gravatar.com\\\/avatar\\\/2e238102d4e77df543cf7dbf4b5f6a8a248f5f651820d766c8081118585e3efe?s=96&d=mm&r=g\",\"caption\":\"Piret Kaevats\"},\"url\":\"https:\\\/\\\/pallasart.ee\\\/en\\\/author\\\/piret-kaevats\\\/\"}]}<\/script>\n<!-- \/ Yoast SEO plugin. -->","yoast_head_json":{"title":"Department of Leather Design presents: international exhibition \"WITH OR WITHOUT LEATHER\u201d at Gallery Pallas - K\u00f5rgem Kunstikool Pallas","robots":{"index":"index","follow":"follow","max-snippet":"max-snippet:-1","max-image-preview":"max-image-preview:large","max-video-preview":"max-video-preview:-1"},"canonical":"https:\/\/pallasart.ee\/en\/department-of-leather-design-presents-international-exhibition-with-or-without-leather-at-gallery-pallas\/","og_locale":"en_US","og_type":"article","og_title":"Department of Leather Design presents: international exhibition \"WITH OR WITHOUT LEATHER\u201d at Gallery Pallas - K\u00f5rgem Kunstikool Pallas","og_description":"The Department of Leather Design at Pallas University of Applied Sciences presents &#8211; international exhibition \u201cNAHAGA V\u00d5I NAHATA\/ WITH OR WITHOUT LEATHER\u201d opens its doors to visitors on February 16th at 18:00 at Gallery Pallas. The exhibition, which runs through all three floors of Gallery Pallas, introduces contemporary and versatile works made during leather studies [&hellip;]","og_url":"https:\/\/pallasart.ee\/en\/department-of-leather-design-presents-international-exhibition-with-or-without-leather-at-gallery-pallas\/","og_site_name":"K\u00f5rgem Kunstikool Pallas","article_published_time":"2023-02-13T18:50:34+00:00","article_modified_time":"2023-02-13T18:50:36+00:00","og_image":[{"url":"https:\/\/pallasart.ee\/wp-content\/uploads\/2023\/02\/Plakat.-Nahaga-voi-nahata.png","type":"","width":"","height":""}],"author":"Piret Kaevats","twitter_card":"summary_large_image","twitter_misc":{"Written by":"Piret Kaevats","Est. reading time":"4 minutes"},"schema":{"@context":"https:\/\/schema.org","@graph":[{"@type":"Article","@id":"https:\/\/pallasart.ee\/en\/department-of-leather-design-presents-international-exhibition-with-or-without-leather-at-gallery-pallas\/#article","isPartOf":{"@id":"https:\/\/pallasart.ee\/en\/department-of-leather-design-presents-international-exhibition-with-or-without-leather-at-gallery-pallas\/"},"author":{"name":"Piret Kaevats","@id":"https:\/\/pallasart.ee\/en\/#\/schema\/person\/558a8a98412045731bc68737993053ab"},"headline":"Department of Leather Design presents: international exhibition &#8220;WITH OR WITHOUT LEATHER\u201d at Gallery Pallas","datePublished":"2023-02-13T18:50:34+00:00","dateModified":"2023-02-13T18:50:36+00:00","mainEntityOfPage":{"@id":"https:\/\/pallasart.ee\/en\/department-of-leather-design-presents-international-exhibition-with-or-without-leather-at-gallery-pallas\/"},"wordCount":579,"publisher":{"@id":"https:\/\/pallasart.ee\/en\/#organization"},"image":{"@id":"https:\/\/pallasart.ee\/en\/department-of-leather-design-presents-international-exhibition-with-or-without-leather-at-gallery-pallas\/#primaryimage"},"thumbnailUrl":"https:\/\/pallasart.ee\/wp-content\/uploads\/2023\/02\/Plakat.-Nahaga-voi-nahata.png","inLanguage":"en-US"},{"@type":"WebPage","@id":"https:\/\/pallasart.ee\/en\/department-of-leather-design-presents-international-exhibition-with-or-without-leather-at-gallery-pallas\/","url":"https:\/\/pallasart.ee\/en\/department-of-leather-design-presents-international-exhibition-with-or-without-leather-at-gallery-pallas\/","name":"Department of Leather Design presents: international exhibition \"WITH OR WITHOUT LEATHER\u201d at Gallery Pallas - K\u00f5rgem Kunstikool Pallas","isPartOf":{"@id":"https:\/\/pallasart.ee\/en\/#website"},"primaryImageOfPage":{"@id":"https:\/\/pallasart.ee\/en\/department-of-leather-design-presents-international-exhibition-with-or-without-leather-at-gallery-pallas\/#primaryimage"},"image":{"@id":"https:\/\/pallasart.ee\/en\/department-of-leather-design-presents-international-exhibition-with-or-without-leather-at-gallery-pallas\/#primaryimage"},"thumbnailUrl":"https:\/\/pallasart.ee\/wp-content\/uploads\/2023\/02\/Plakat.-Nahaga-voi-nahata.png","datePublished":"2023-02-13T18:50:34+00:00","dateModified":"2023-02-13T18:50:36+00:00","breadcrumb":{"@id":"https:\/\/pallasart.ee\/en\/department-of-leather-design-presents-international-exhibition-with-or-without-leather-at-gallery-pallas\/#breadcrumb"},"inLanguage":"en-US","potentialAction":[{"@type":"ReadAction","target":["https:\/\/pallasart.ee\/en\/department-of-leather-design-presents-international-exhibition-with-or-without-leather-at-gallery-pallas\/"]}]},{"@type":"ImageObject","inLanguage":"en-US","@id":"https:\/\/pallasart.ee\/en\/department-of-leather-design-presents-international-exhibition-with-or-without-leather-at-gallery-pallas\/#primaryimage","url":"https:\/\/pallasart.ee\/wp-content\/uploads\/2023\/02\/Plakat.-Nahaga-voi-nahata.png","contentUrl":"https:\/\/pallasart.ee\/wp-content\/uploads\/2023\/02\/Plakat.-Nahaga-voi-nahata.png"},{"@type":"BreadcrumbList","@id":"https:\/\/pallasart.ee\/en\/department-of-leather-design-presents-international-exhibition-with-or-without-leather-at-gallery-pallas\/#breadcrumb","itemListElement":[{"@type":"ListItem","position":1,"name":"Home","item":"https:\/\/pallasart.ee\/en\/"},{"@type":"ListItem","position":2,"name":"Department of Leather Design presents: international exhibition &#8220;WITH OR WITHOUT LEATHER\u201d at Gallery Pallas"}]},{"@type":"WebSite","@id":"https:\/\/pallasart.ee\/en\/#website","url":"https:\/\/pallasart.ee\/en\/","name":"K\u00f5rgem Kunstikool Pallas","description":"","publisher":{"@id":"https:\/\/pallasart.ee\/en\/#organization"},"potentialAction":[{"@type":"SearchAction","target":{"@type":"EntryPoint","urlTemplate":"https:\/\/pallasart.ee\/en\/?s={search_term_string}"},"query-input":{"@type":"PropertyValueSpecification","valueRequired":true,"valueName":"search_term_string"}}],"inLanguage":"en-US"},{"@type":"Organization","@id":"https:\/\/pallasart.ee\/en\/#organization","name":"K\u00f5rgem Kunstikool Pallas","url":"https:\/\/pallasart.ee\/en\/","logo":{"@type":"ImageObject","inLanguage":"en-US","@id":"https:\/\/pallasart.ee\/en\/#\/schema\/logo\/image\/","url":"https:\/\/pallasart.ee\/wp-content\/uploads\/2020\/02\/pallas-logo.jpg","contentUrl":"https:\/\/pallasart.ee\/wp-content\/uploads\/2020\/02\/pallas-logo.jpg","width":600,"height":246,"caption":"K\u00f5rgem Kunstikool Pallas"},"image":{"@id":"https:\/\/pallasart.ee\/en\/#\/schema\/logo\/image\/"}},{"@type":"Person","@id":"https:\/\/pallasart.ee\/en\/#\/schema\/person\/558a8a98412045731bc68737993053ab","name":"Piret Kaevats","image":{"@type":"ImageObject","inLanguage":"en-US","@id":"https:\/\/secure.gravatar.com\/avatar\/2e238102d4e77df543cf7dbf4b5f6a8a248f5f651820d766c8081118585e3efe?s=96&d=mm&r=g","url":"https:\/\/secure.gravatar.com\/avatar\/2e238102d4e77df543cf7dbf4b5f6a8a248f5f651820d766c8081118585e3efe?s=96&d=mm&r=g","contentUrl":"https:\/\/secure.gravatar.com\/avatar\/2e238102d4e77df543cf7dbf4b5f6a8a248f5f651820d766c8081118585e3efe?s=96&d=mm&r=g","caption":"Piret Kaevats"},"url":"https:\/\/pallasart.ee\/en\/author\/piret-kaevats\/"}]}},"_links":{"self":[{"href":"https:\/\/pallasart.ee\/en\/wp-json\/wp\/v2\/posts\/24198","targetHints":{"allow":["GET"]}}],"collection":[{"href":"https:\/\/pallasart.ee\/en\/wp-json\/wp\/v2\/posts"}],"about":[{"href":"https:\/\/pallasart.ee\/en\/wp-json\/wp\/v2\/types\/post"}],"author":[{"embeddable":true,"href":"https:\/\/pallasart.ee\/en\/wp-json\/wp\/v2\/users\/11"}],"replies":[{"embeddable":true,"href":"https:\/\/pallasart.ee\/en\/wp-json\/wp\/v2\/comments?post=24198"}],"version-history":[{"count":2,"href":"https:\/\/pallasart.ee\/en\/wp-json\/wp\/v2\/posts\/24198\/revisions"}],"predecessor-version":[{"id":24200,"href":"https:\/\/pallasart.ee\/en\/wp-json\/wp\/v2\/posts\/24198\/revisions\/24200"}],"wp:attachment":[{"href":"https:\/\/pallasart.ee\/en\/wp-json\/wp\/v2\/media?parent=24198"}],"curies":[{"name":"wp","href":"https:\/\/api.w.org\/{rel}","templated":true}]}}